{"id":9940,"date":"2015-11-29T22:27:49","date_gmt":"2015-11-30T04:27:49","guid":{"rendered":"http:\/\/damas.laiglesiadelacomunidad.com\/?p=9940"},"modified":"2015-11-29T22:30:48","modified_gmt":"2015-11-30T04:30:48","slug":"reunion-domingo-29-de-nov-2015","status":"publish","type":"post","link":"http:\/\/damas.laiglesiadelacomunidad.com\/?p=9940","title":{"rendered":"Reuni\u00f3n domingo 29 de Nov. 2015"},"content":{"rendered":"<p>Gracias Se\u00f1or por otra excelente reuni\u00f3n, gracias por poner en nuestro coraz\u00f3n el deseo de congregarnos a pesar del clima, gracias por cada persona que hiciste llegar a la iglesia y por todos los voluntarios y las personas que con mucha generosidad trajeron comida para poder tener la cena de acci\u00f3n de Gracias \ud83d\ude42 y tenemos mucho de que agradecerte, especialmente por los beb\u00e9s que han nacido y est\u00e1n por nacer.<\/p>\n<p>Seguimos aprendiendo mucho de las ense\u00f1anzas de nuestro Se\u00f1or Jes\u00fas seg\u00fan el evangelio de Mateo, el tema de hoy fue <b>&#8220;ense\u00f1amos con autoridad &#8220;<\/b> y la idea grande de hoy fue: <b>&#8220;El seguidor de Cristo debe de ense\u00f1ar el evangelio con autoridad &#8220;<\/b> seg\u00fan lo que dice Mateo no es suficiente dar solamente un buen ejemplo eso lo puede hacer hasta alguien que no cree en Dios, dar un buen testimonio es importante pero no es suficiente, tenemos que predicar, hablar, eso es lo m\u00e1s importante y lo m\u00e1s dif\u00edcil de hacer.<\/p>\n<p>Jes\u00fas llama a sus seguidores a predicar el evangelio a toda criatura como \u00c9l lo hizo, \u00e9l no s\u00f3lo dio testimonio por c\u00f3mo se comportaba el dio testimonio del Padre por hablar de \u00c9l con autoridad, y la autoridad que Jes\u00fas uso fue perfecta, clara y verdadera, no confundi\u00f3 a nadie m\u00e1s que a los fariseos que terminaron mat\u00e1ndolo. \u00c9l habl\u00f3 la verdad en amor y solo ofend\u00eda a los que no quer\u00edan escuchar la verdad acerca de \u00c9l, Dios Padre y Dios Esp\u00edritu Santo. \u00c9l no se dedicaba a andar insultando y gritando y criticando para tener autoridad. Y \u00c9l pide lo mismo de nosotros, que hablemos la verdad en amor a nuestro pr\u00f3jimo, para ello tenemos que empezar por nosotros mismos, por creer la verdad, arrepentirnos y bautizarnos y hacer todo lo que \u00c9l nos ordena.<\/p>\n<p><b>Y cuando termin\u00f3 Jes\u00fas estas palabras, la gente se admiraba de su doctrina;porque les ense\u00f1aba como quien tiene autoridad, y no como los escribas. <\/b>Mateo 7:28-29<\/p>\n<p>Se\u00f1or te pedimos que nos ayudes a ser tus testigos, ll\u00e9nanos de tu Esp\u00edritu Santo, danos valor &nbsp;para hablar la verdad en amor, y preparar\u00e1 el coraz\u00f3n de las personas que tienes predestinadas a escuchar, en nombre de Jes\u00fas te lo pedimos, am\u00e9n.<\/p>\n<p>Dios bendiga su semana \ud83d\ude42<\/p>\n<p>Jackie C.<\/p>\n<p>&nbsp;<a href=\"http:\/\/damas.laiglesiadelacomunidad.com\/wp-content\/uploads\/2015\/11\/IMG_8630.jpg\"><img decoding=\"async\" src=\"http:\/\/damas.laiglesiadelacomunidad.com\/wp-content\/uploads\/2015\/11\/IMG_8630.jpg\" alt=\"\"><\/a>&nbsp;&nbsp;<br \/>\n<a href=\"http:\/\/damas.laiglesiadelacomunidad.com\/wp-content\/uploads\/2015\/11\/IMG_8631.jpg\"><img decoding=\"async\" src=\"http:\/\/damas.laiglesiadelacomunidad.com\/wp-content\/uploads\/2015\/11\/IMG_8631.jpg\" alt=\"\"><\/a>&nbsp;&nbsp;<a href=\"http:\/\/damas.laiglesiadelacomunidad.com\/wp-content\/uploads\/2015\/11\/IMG_8632.jpg\"><img decoding=\"async\" src=\"http:\/\/damas.laiglesiadelacomunidad.com\/wp-content\/uploads\/2015\/11\/IMG_8632.jpg\" alt=\"\"><\/a>&nbsp;&nbsp;<br \/>\n<a href=\"http:\/\/damas.laiglesiadelacomunidad.com\/wp-content\/uploads\/2015\/11\/IMG_8618.jpg\"><img decoding=\"async\" src=\"http:\/\/damas.laiglesiadelacomunidad.com\/wp-content\/uploads\/2015\/11\/IMG_8618.jpg\" alt=\"\"><\/a>&nbsp;&nbsp;<a href=\"http:\/\/damas.laiglesiadelacomunidad.com\/wp-content\/uploads\/2015\/11\/IMG_8619.jpg\"><img decoding=\"async\" src=\"http:\/\/damas.laiglesiadelacomunidad.com\/wp-content\/uploads\/2015\/11\/IMG_8619.jpg\" alt=\"\"><\/a>&nbsp;&nbsp;<br \/>\n<a href=\"http:\/\/damas.laiglesiadelacomunidad.com\/wp-content\/uploads\/2015\/11\/IMG_8620.jpg\"><img decoding=\"async\" src=\"http:\/\/damas.laiglesiadelacomunidad.com\/wp-content\/uploads\/2015\/11\/IMG_8620.jpg\" alt=\"\"><\/a>&nbsp;&nbsp;<a href=\"http:\/\/damas.laiglesiadelacomunidad.com\/wp-content\/uploads\/2015\/11\/IMG_8621.jpg\"><img decoding=\"async\" src=\"http:\/\/damas.laiglesiadelacomunidad.com\/wp-content\/uploads\/2015\/11\/IMG_8621.jpg\" alt=\"\"><\/a>&nbsp;&nbsp;<br \/>\n<a href=\"http:\/\/damas.laiglesiadelacomunidad.com\/wp-content\/uploads\/2015\/11\/IMG_8622.jpg\"><img decoding=\"async\" src=\"http:\/\/damas.laiglesiadelacomunidad.com\/wp-content\/uploads\/2015\/11\/IMG_8622.jpg\" alt=\"\"><\/a>&nbsp;&nbsp;<a href=\"http:\/\/damas.laiglesiadelacomunidad.com\/wp-content\/uploads\/2015\/11\/IMG_8623.jpg\"><img decoding=\"async\" src=\"http:\/\/damas.laiglesiadelacomunidad.com\/wp-content\/uploads\/2015\/11\/IMG_8623.jpg\" alt=\"\"><\/a>&nbsp;&nbsp;<br \/>\n<a href=\"http:\/\/damas.laiglesiadelacomunidad.com\/wp-content\/uploads\/2015\/11\/IMG_8624.jpg\"><img decoding=\"async\" src=\"http:\/\/damas.laiglesiadelacomunidad.com\/wp-content\/uploads\/2015\/11\/IMG_8624.jpg\" alt=\"\"><\/a>&nbsp;&nbsp;<a href=\"http:\/\/damas.laiglesiadelacomunidad.com\/wp-content\/uploads\/2015\/11\/IMG_8625.jpg\"><img decoding=\"async\" src=\"http:\/\/damas.laiglesiadelacomunidad.com\/wp-content\/uploads\/2015\/11\/IMG_8625.jpg\" alt=\"\"><\/a>&nbsp;&nbsp;<br \/>\n<a href=\"http:\/\/damas.laiglesiadelacomunidad.com\/wp-content\/uploads\/2015\/11\/IMG_8626.jpg\"><img decoding=\"async\" src=\"http:\/\/damas.laiglesiadelacomunidad.com\/wp-content\/uploads\/2015\/11\/IMG_8626.jpg\" alt=\"\"><\/a>&nbsp;&nbsp;<a href=\"http:\/\/damas.laiglesiadelacomunidad.com\/wp-content\/uploads\/2015\/11\/IMG_8627.jpg\"><img decoding=\"async\" src=\"http:\/\/damas.laiglesiadelacomunidad.com\/wp-content\/uploads\/2015\/11\/IMG_8627.jpg\" alt=\"\"><\/a>&nbsp;&nbsp;<br \/>\n<a href=\"http:\/\/damas.laiglesiadelacomunidad.com\/wp-content\/uploads\/2015\/11\/IMG_8628.jpg\"><img decoding=\"async\" src=\"http:\/\/damas.laiglesiadelacomunidad.com\/wp-content\/uploads\/2015\/11\/IMG_8628.jpg\" alt=\"\"><\/a>&nbsp;&nbsp;<a href=\"http:\/\/damas.laiglesiadelacomunidad.com\/wp-content\/uploads\/2015\/11\/IMG_8629.jpg\"><img decoding=\"async\" src=\"http:\/\/damas.laiglesiadelacomunidad.com\/wp-content\/uploads\/2015\/11\/IMG_8629.jpg\" alt=\"\"><\/a>&nbsp;<\/p>\n","protected":false},"excerpt":{"rendered":"<p>Gracias Se\u00f1or por otra excelente reuni\u00f3n, gracias por poner en nuestro coraz\u00f3n el deseo de congregarnos a pesar del clima, gracias por cada persona que hiciste llegar a la iglesia y por todos los voluntarios y las personas que con mucha generosidad trajeron comida para poder tener la cena de acci\u00f3n de Gracias \ud83d\ude42 y &hellip; <a href=\"http:\/\/damas.laiglesiadelacomunidad.com\/?p=9940\" class=\"more-link\">Continue reading <span class=\"screen-reader-text\">Reuni\u00f3n domingo 29 de Nov. 2015<\/span> <span class=\"meta-nav\">&rarr;<\/span><\/a><\/p>\n","protected":false},"author":2,"featured_media":0,"comment_status":"open","ping_status":"open","sticky":false,"template":"","format":"gallery","meta":{"footnotes":""},"categories":[7],"tags":[],"_links":{"self":[{"href":"http:\/\/damas.laiglesiadelacomunidad.com\/index.php?rest_route=\/wp\/v2\/posts\/9940"}],"collection":[{"href":"http:\/\/damas.laiglesiadelacomunidad.com\/index.php?rest_route=\/wp\/v2\/posts"}],"about":[{"href":"http:\/\/damas.laiglesiadelacomunidad.com\/index.php?rest_route=\/wp\/v2\/types\/post"}],"author":[{"embeddable":true,"href":"http:\/\/damas.laiglesiadelacomunidad.com\/index.php?rest_route=\/wp\/v2\/users\/2"}],"replies":[{"embeddable":true,"href":"http:\/\/damas.laiglesiadelacomunidad.com\/index.php?rest_route=%2Fwp%2Fv2%2Fcomments&post=9940"}],"version-history":[{"count":3,"href":"http:\/\/damas.laiglesiadelacomunidad.com\/index.php?rest_route=\/wp\/v2\/posts\/9940\/revisions"}],"predecessor-version":[{"id":9943,"href":"http:\/\/damas.laiglesiadelacomunidad.com\/index.php?rest_route=\/wp\/v2\/posts\/9940\/revisions\/9943"}],"wp:attachment":[{"href":"http:\/\/damas.laiglesiadelacomunidad.com\/index.php?rest_route=%2Fwp%2Fv2%2Fmedia&parent=9940"}],"wp:term":[{"taxonomy":"category","embeddable":true,"href":"http:\/\/damas.laiglesiadelacomunidad.com\/index.php?rest_route=%2Fwp%2Fv2%2Fcategories&post=9940"},{"taxonomy":"post_tag","embeddable":true,"href":"http:\/\/damas.laiglesiadelacomunidad.com\/index.php?rest_route=%2Fwp%2Fv2%2Ftags&post=9940"}],"curies":[{"name":"wp","href":"https:\/\/api.w.org\/{rel}","templated":true}]}}