{"id":9918,"date":"2015-11-29T07:48:16","date_gmt":"2015-11-29T13:48:16","guid":{"rendered":"http:\/\/damas.laiglesiadelacomunidad.com\/?p=9918"},"modified":"2015-11-29T07:49:41","modified_gmt":"2015-11-29T13:49:41","slug":"dia-de-bendiciones","status":"publish","type":"post","link":"http:\/\/damas.laiglesiadelacomunidad.com\/?p=9918","title":{"rendered":"Dia de bendiciones"},"content":{"rendered":"<p>Felicidades Escarlin por tu embarazo&#x1f389;&#x1f389;&#x1f389;&#x1f389;nuestras oraciones para que Tu beb\u00e9 nazca con bien.<\/p>\n<p>Tengo el placer de anunciarles que hoy naci\u00f3 Nyelie la beb\u00e9 de Mich. Gracias Se\u00f1or por escuchar nuestras oraciones y permitir que la beb\u00e9 naciera a t\u00e9rmino y sanita &#x1f60a;, Felicidades!!! &#x1f389;&#x1f389;&#x1f389;&#x1f389;&#x1f389;&#x1f490;<\/p>\n<p>&nbsp;<a href=\"http:\/\/damas.laiglesiadelacomunidad.com\/wp-content\/uploads\/2015\/11\/IMG_8608.jpg\"><img decoding=\"async\" src=\"http:\/\/damas.laiglesiadelacomunidad.com\/wp-content\/uploads\/2015\/11\/IMG_8608.jpg\" alt=\"\"><\/a>&nbsp;<\/p>\n","protected":false},"excerpt":{"rendered":"<p>Felicidades Escarlin por tu embarazo&#x1f389;&#x1f389;&#x1f389;&#x1f389;nuestras oraciones para que Tu beb\u00e9 nazca con bien. Tengo el placer de anunciarles que hoy naci\u00f3 Nyelie la beb\u00e9 de Mich. Gracias Se\u00f1or por escuchar nuestras oraciones y permitir que la beb\u00e9 naciera a t\u00e9rmino y sanita &#x1f60a;, Felicidades!!! &#x1f389;&#x1f389;&#x1f389;&#x1f389;&#x1f389;&#x1f490; &nbsp;&nbsp;<\/p>\n","protected":false},"author":2,"featured_media":0,"comment_status":"open","ping_status":"open","sticky":false,"template":"","format":"chat","meta":{"footnotes":""},"categories":[1],"tags":[],"_links":{"self":[{"href":"http:\/\/damas.laiglesiadelacomunidad.com\/index.php?rest_route=\/wp\/v2\/posts\/9918"}],"collection":[{"href":"http:\/\/damas.laiglesiadelacomunidad.com\/index.php?rest_route=\/wp\/v2\/posts"}],"about":[{"href":"http:\/\/damas.laiglesiadelacomunidad.com\/index.php?rest_route=\/wp\/v2\/types\/post"}],"author":[{"embeddable":true,"href":"http:\/\/damas.laiglesiadelacomunidad.com\/index.php?rest_route=\/wp\/v2\/users\/2"}],"replies":[{"embeddable":true,"href":"http:\/\/damas.laiglesiadelacomunidad.com\/index.php?rest_route=%2Fwp%2Fv2%2Fcomments&post=9918"}],"version-history":[{"count":2,"href":"http:\/\/damas.laiglesiadelacomunidad.com\/index.php?rest_route=\/wp\/v2\/posts\/9918\/revisions"}],"predecessor-version":[{"id":9921,"href":"http:\/\/damas.laiglesiadelacomunidad.com\/index.php?rest_route=\/wp\/v2\/posts\/9918\/revisions\/9921"}],"wp:attachment":[{"href":"http:\/\/damas.laiglesiadelacomunidad.com\/index.php?rest_route=%2Fwp%2Fv2%2Fmedia&parent=9918"}],"wp:term":[{"taxonomy":"category","embeddable":true,"href":"http:\/\/damas.laiglesiadelacomunidad.com\/index.php?rest_route=%2Fwp%2Fv2%2Fcategories&post=9918"},{"taxonomy":"post_tag","embeddable":true,"href":"http:\/\/damas.laiglesiadelacomunidad.com\/index.php?rest_route=%2Fwp%2Fv2%2Ftags&post=9918"}],"curies":[{"name":"wp","href":"https:\/\/api.w.org\/{rel}","templated":true}]}}