{"id":8568,"date":"2015-06-12T16:36:48","date_gmt":"2015-06-12T21:36:48","guid":{"rendered":"http:\/\/damas.laiglesiadelacomunidad.com\/?p=8568"},"modified":"2015-06-12T16:37:04","modified_gmt":"2015-06-12T21:37:04","slug":"estudio-viernes-12-de-junio-2015","status":"publish","type":"post","link":"http:\/\/damas.laiglesiadelacomunidad.com\/?p=8568","title":{"rendered":"Estudio viernes 12 de Junio 2015"},"content":{"rendered":"<p>El Se\u00f1or ha dicho: \u00abPractiquen la justicia y ejecuten el derecho. Ya se acerca mi salvaci\u00f3n; mi justicia pronto va a manifestarse. \u00a1Dichosos los que observan fielmente el d\u00eda de reposo y se mantienen firmes en su pr\u00e1ctica de no profanarlo! \u00a1Dichosos los que refrenan su mano para no cometer ninguna maldad! \u00bbQue no diga el extranjero que me sigue: \u201cEl Se\u00f1or me apartar\u00e1 totalmente de su pueblo\u201d; ni diga tampoco el eunuco: \u201c\u00a1Miren! \u00a1S\u00f3lo soy un \u00e1rbol seco!\u201d Porque yo, el Se\u00f1or, digo a los eunucos que observen mis d\u00edas de reposo, y opten por hacer lo que yo quiero, y se aferren a mi pacto. En mi casa, y dentro de los muros de mi ciudad, los har\u00e9 m\u00e1s famosos que si hubieran tenido hijos e hijas; les dar\u00e9 un nombre perpetuo, que jam\u00e1s ser\u00e1 olvidado. A los hijos de los extranjeros que me sigan y me sirvan, y que amen mi nombre y sean mis siervos; y a todos los que observen el d\u00eda de reposo y no lo profanen, y se aferren a mi pacto, yo los llevar\u00e9 a mi santo monte, para que se alegren en mi casa de oraci\u00f3n. Sus holocaustos y sus sacrificios ser\u00e1n bien recibidos sobre mi altar, porque mi casa ser\u00e1 llamada casa de oraci\u00f3n para todos los pueblos. Todav\u00eda habr\u00e9 de reunir con ustedes a otros que estoy por reunir. \u2014Palabra de Dios el Se\u00f1or, a los dispersos de Israel. (\u202dIsa\u00edas\u202c \u202d56\u202c:\u202d1-8\u202c RVC)<\/p>\n","protected":false},"excerpt":{"rendered":"<p>El Se\u00f1or ha dicho: \u00abPractiquen la justicia y ejecuten el derecho. Ya se acerca mi salvaci\u00f3n; mi justicia pronto va a manifestarse. \u00a1Dichosos los que observan fielmente el d\u00eda de reposo y se mantienen firmes en su pr\u00e1ctica de no profanarlo! \u00a1Dichosos los que refrenan su mano para no cometer ninguna maldad! \u00bbQue no diga &hellip; <a href=\"http:\/\/damas.laiglesiadelacomunidad.com\/?p=8568\" class=\"more-link\">Continue reading <span class=\"screen-reader-text\">Estudio viernes 12 de Junio 2015<\/span> <span class=\"meta-nav\">&rarr;<\/span><\/a><\/p>\n","protected":false},"author":2,"featured_media":0,"comment_status":"open","ping_status":"open","sticky":false,"template":"","format":"gallery","meta":{"footnotes":""},"categories":[6],"tags":[],"_links":{"self":[{"href":"http:\/\/damas.laiglesiadelacomunidad.com\/index.php?rest_route=\/wp\/v2\/posts\/8568"}],"collection":[{"href":"http:\/\/damas.laiglesiadelacomunidad.com\/index.php?rest_route=\/wp\/v2\/posts"}],"about":[{"href":"http:\/\/damas.laiglesiadelacomunidad.com\/index.php?rest_route=\/wp\/v2\/types\/post"}],"author":[{"embeddable":true,"href":"http:\/\/damas.laiglesiadelacomunidad.com\/index.php?rest_route=\/wp\/v2\/users\/2"}],"replies":[{"embeddable":true,"href":"http:\/\/damas.laiglesiadelacomunidad.com\/index.php?rest_route=%2Fwp%2Fv2%2Fcomments&post=8568"}],"version-history":[{"count":1,"href":"http:\/\/damas.laiglesiadelacomunidad.com\/index.php?rest_route=\/wp\/v2\/posts\/8568\/revisions"}],"predecessor-version":[{"id":8569,"href":"http:\/\/damas.laiglesiadelacomunidad.com\/index.php?rest_route=\/wp\/v2\/posts\/8568\/revisions\/8569"}],"wp:attachment":[{"href":"http:\/\/damas.laiglesiadelacomunidad.com\/index.php?rest_route=%2Fwp%2Fv2%2Fmedia&parent=8568"}],"wp:term":[{"taxonomy":"category","embeddable":true,"href":"http:\/\/damas.laiglesiadelacomunidad.com\/index.php?rest_route=%2Fwp%2Fv2%2Fcategories&post=8568"},{"taxonomy":"post_tag","embeddable":true,"href":"http:\/\/damas.laiglesiadelacomunidad.com\/index.php?rest_route=%2Fwp%2Fv2%2Ftags&post=8568"}],"curies":[{"name":"wp","href":"https:\/\/api.w.org\/{rel}","templated":true}]}}