{"id":8560,"date":"2015-06-11T23:03:25","date_gmt":"2015-06-12T04:03:25","guid":{"rendered":"http:\/\/damas.laiglesiadelacomunidad.com\/?p=8560"},"modified":"2015-06-11T23:03:25","modified_gmt":"2015-06-12T04:03:25","slug":"estudio-jueves-11-de-junio-2015","status":"publish","type":"post","link":"http:\/\/damas.laiglesiadelacomunidad.com\/?p=8560","title":{"rendered":"Estudio jueves 11 de junio 2015"},"content":{"rendered":"<p>Cumplidos los siete d\u00edas, salimos de la ciudad, y todos nos acompa\u00f1aron con sus mujeres y sus hijos. En la playa nos pusimos de rodillas y oramos, luego nos abrazamos unos a otros, y subimos al barco. Ellos, por su parte, volvieron a sus casas.<\/p>\n<p>Al d\u00eda siguiente, salimos y nos dirigimos a Cesarea; all\u00ed nos hospedamos en casa de Felipe el evangelista, que era uno de los siete y que ten\u00eda cuatro hijas doncellas que profetizaban.<\/p>\n<p>Pero Pablo respondi\u00f3: \u00ab\u00bfPor qu\u00e9 lloran? \u00a1Se me parte el coraz\u00f3n! Por el nombre del Se\u00f1or Jes\u00fas, yo estoy dispuesto no s\u00f3lo a que me aten, sino a que me maten en Jerusal\u00e9n.\u00bb Como no pudimos convencerlo, dejamos de insistir y le dijimos: \u00ab\u00a1Que se haga la voluntad del Se\u00f1or!\u00bb<\/p>\n<p>Despu\u00e9s de saludarlos, Pablo les habl\u00f3 de su ministerio, y con mucho detalle les cont\u00f3 lo que Dios hab\u00eda hecho entre los no jud\u00edos. Cuando ellos lo oyeron, glorificaron a Dios y le dijeron: \u00abHermano Pablo, ya hemos visto cu\u00e1ntos miles de jud\u00edos han cre\u00eddo, todos ellos celosos de la ley.<\/p>\n<p>En cuanto a los creyentes no jud\u00edos, nosotros ya les hemos escrito y les recomendamos que no observen nada de esto, sino que se abstengan solamente de comer lo que se sacrifica a los \u00eddolos, que no coman sangre ni animales ahogados, ni incurran en libertinaje sexual.\u00bb (\u202dHechos\u202c \u202d21\u202c:\u202d5-6, 8-9, 13-14, 19-20, 25\u202c RVC)<\/p>\n<p>Ca\u00ed al suelo, y entonces o\u00ed una voz que me dec\u00eda: \u201cSaulo, Saulo, \u00bfpor qu\u00e9 me persigues?\u201d Yo respond\u00ed: \u201c\u00bfQui\u00e9n eres, Se\u00f1or?\u201d Y la voz me contest\u00f3: \u201cYo soy Jes\u00fas de Nazaret, a quien t\u00fa persigues.\u201d<\/p>\n<p>Anan\u00edas vino, se me acerc\u00f3 y me dijo: \u201cHermano Saulo, \u00a1recibe la vista!\u201d Y en ese mismo instante recobr\u00e9 la vista y pude verlo. Y \u00e9l me dijo: \u201cEl Dios de nuestros padres te ha escogido para que conozcas su voluntad, y veas al Justo y escuches de sus propios labios su palabra, pues t\u00fa ser\u00e1s su testigo ante todo el mundo de esto que has visto y o\u00eddo. \u00bfQu\u00e9 esperas, entonces? \u00a1Lev\u00e1ntate y baut\u00edzate, e invoca su nombre, para que quedes limpio de tus pecados!\u201d (\u202dHechos\u202c \u202d22\u202c:\u202d7-8, 13-16\u202c RVC)<\/p>\n","protected":false},"excerpt":{"rendered":"<p>Cumplidos los siete d\u00edas, salimos de la ciudad, y todos nos acompa\u00f1aron con sus mujeres y sus hijos. En la playa nos pusimos de rodillas y oramos, luego nos abrazamos unos a otros, y subimos al barco. Ellos, por su parte, volvieron a sus casas. Al d\u00eda siguiente, salimos y nos dirigimos a Cesarea; all\u00ed &hellip; <a href=\"http:\/\/damas.laiglesiadelacomunidad.com\/?p=8560\" class=\"more-link\">Continue reading <span class=\"screen-reader-text\">Estudio jueves 11 de junio 2015<\/span> <span class=\"meta-nav\">&rarr;<\/span><\/a><\/p>\n","protected":false},"author":2,"featured_media":0,"comment_status":"open","ping_status":"open","sticky":false,"template":"","format":"gallery","meta":{"footnotes":""},"categories":[5],"tags":[],"_links":{"self":[{"href":"http:\/\/damas.laiglesiadelacomunidad.com\/index.php?rest_route=\/wp\/v2\/posts\/8560"}],"collection":[{"href":"http:\/\/damas.laiglesiadelacomunidad.com\/index.php?rest_route=\/wp\/v2\/posts"}],"about":[{"href":"http:\/\/damas.laiglesiadelacomunidad.com\/index.php?rest_route=\/wp\/v2\/types\/post"}],"author":[{"embeddable":true,"href":"http:\/\/damas.laiglesiadelacomunidad.com\/index.php?rest_route=\/wp\/v2\/users\/2"}],"replies":[{"embeddable":true,"href":"http:\/\/damas.laiglesiadelacomunidad.com\/index.php?rest_route=%2Fwp%2Fv2%2Fcomments&post=8560"}],"version-history":[{"count":1,"href":"http:\/\/damas.laiglesiadelacomunidad.com\/index.php?rest_route=\/wp\/v2\/posts\/8560\/revisions"}],"predecessor-version":[{"id":8561,"href":"http:\/\/damas.laiglesiadelacomunidad.com\/index.php?rest_route=\/wp\/v2\/posts\/8560\/revisions\/8561"}],"wp:attachment":[{"href":"http:\/\/damas.laiglesiadelacomunidad.com\/index.php?rest_route=%2Fwp%2Fv2%2Fmedia&parent=8560"}],"wp:term":[{"taxonomy":"category","embeddable":true,"href":"http:\/\/damas.laiglesiadelacomunidad.com\/index.php?rest_route=%2Fwp%2Fv2%2Fcategories&post=8560"},{"taxonomy":"post_tag","embeddable":true,"href":"http:\/\/damas.laiglesiadelacomunidad.com\/index.php?rest_route=%2Fwp%2Fv2%2Ftags&post=8560"}],"curies":[{"name":"wp","href":"https:\/\/api.w.org\/{rel}","templated":true}]}}