{"id":8502,"date":"2015-06-05T11:50:00","date_gmt":"2015-06-05T16:50:00","guid":{"rendered":"http:\/\/damas.laiglesiadelacomunidad.com\/?p=8502"},"modified":"2015-06-05T18:52:24","modified_gmt":"2015-06-05T23:52:24","slug":"estudio-viernes-5-de-junio-2015","status":"publish","type":"post","link":"http:\/\/damas.laiglesiadelacomunidad.com\/?p=8502","title":{"rendered":"Estudio viernes 5 de Junio 2015"},"content":{"rendered":"<p>Busquen al Se\u00f1or mientras pueda ser hallado; ll\u00e1menlo mientras se encuentre cerca. \u00a1Que dejen los imp\u00edos su camino, y los malvados sus malos pensamientos! \u00a1Que se vuelvan al Se\u00f1or, nuestro Dios, y \u00e9l tendr\u00e1 misericordia de ellos, pues \u00e9l sabe perdonar con generosidad! El Se\u00f1or ha dicho: \u00abMis pensamientos no son los pensamientos de ustedes, ni son sus caminos mis caminos. As\u00ed como los cielos son m\u00e1s altos que la tierra, tambi\u00e9n mis caminos y mis pensamientos son m\u00e1s altos que los caminos y pensamientos de ustedes.<br \/>\n\u00bbUstedes saldr\u00e1n con alegr\u00eda, y volver\u00e1n en paz; los montes y las colinas cantar\u00e1n al paso de ustedes, y todos los \u00e1rboles del campo aplaudir\u00e1n. En lugar de zarzas, crecer\u00e1n cipreses; en lugar de ortigas, crecer\u00e1n arrayanes. Esto dar\u00e1 lustre al nombre del Se\u00f1or; \u00a1ser\u00e1 una se\u00f1al eterna que durar\u00e1 para siempre!\u00bb (\u202dIsa\u00edas\u202c \u202d55\u202c:\u202d6-9, 12-13\u202c RVC)<\/p>\n","protected":false},"excerpt":{"rendered":"<p>Busquen al Se\u00f1or mientras pueda ser hallado; ll\u00e1menlo mientras se encuentre cerca. \u00a1Que dejen los imp\u00edos su camino, y los malvados sus malos pensamientos! \u00a1Que se vuelvan al Se\u00f1or, nuestro Dios, y \u00e9l tendr\u00e1 misericordia de ellos, pues \u00e9l sabe perdonar con generosidad! El Se\u00f1or ha dicho: \u00abMis pensamientos no son los pensamientos de ustedes, &hellip; <a href=\"http:\/\/damas.laiglesiadelacomunidad.com\/?p=8502\" class=\"more-link\">Continue reading <span class=\"screen-reader-text\">Estudio viernes 5 de Junio 2015<\/span> <span class=\"meta-nav\">&rarr;<\/span><\/a><\/p>\n","protected":false},"author":2,"featured_media":0,"comment_status":"open","ping_status":"open","sticky":false,"template":"","format":"gallery","meta":{"footnotes":""},"categories":[6],"tags":[],"_links":{"self":[{"href":"http:\/\/damas.laiglesiadelacomunidad.com\/index.php?rest_route=\/wp\/v2\/posts\/8502"}],"collection":[{"href":"http:\/\/damas.laiglesiadelacomunidad.com\/index.php?rest_route=\/wp\/v2\/posts"}],"about":[{"href":"http:\/\/damas.laiglesiadelacomunidad.com\/index.php?rest_route=\/wp\/v2\/types\/post"}],"author":[{"embeddable":true,"href":"http:\/\/damas.laiglesiadelacomunidad.com\/index.php?rest_route=\/wp\/v2\/users\/2"}],"replies":[{"embeddable":true,"href":"http:\/\/damas.laiglesiadelacomunidad.com\/index.php?rest_route=%2Fwp%2Fv2%2Fcomments&post=8502"}],"version-history":[{"count":1,"href":"http:\/\/damas.laiglesiadelacomunidad.com\/index.php?rest_route=\/wp\/v2\/posts\/8502\/revisions"}],"predecessor-version":[{"id":8503,"href":"http:\/\/damas.laiglesiadelacomunidad.com\/index.php?rest_route=\/wp\/v2\/posts\/8502\/revisions\/8503"}],"wp:attachment":[{"href":"http:\/\/damas.laiglesiadelacomunidad.com\/index.php?rest_route=%2Fwp%2Fv2%2Fmedia&parent=8502"}],"wp:term":[{"taxonomy":"category","embeddable":true,"href":"http:\/\/damas.laiglesiadelacomunidad.com\/index.php?rest_route=%2Fwp%2Fv2%2Fcategories&post=8502"},{"taxonomy":"post_tag","embeddable":true,"href":"http:\/\/damas.laiglesiadelacomunidad.com\/index.php?rest_route=%2Fwp%2Fv2%2Ftags&post=8502"}],"curies":[{"name":"wp","href":"https:\/\/api.w.org\/{rel}","templated":true}]}}