{"id":8500,"date":"2015-06-05T18:49:18","date_gmt":"2015-06-05T23:49:18","guid":{"rendered":"http:\/\/damas.laiglesiadelacomunidad.com\/?p=8500"},"modified":"2015-06-08T22:21:06","modified_gmt":"2015-06-09T03:21:06","slug":"felicidades-samantha","status":"publish","type":"post","link":"http:\/\/damas.laiglesiadelacomunidad.com\/?p=8500","title":{"rendered":"Felicidades Samantha\u00a0"},"content":{"rendered":"<p><a href=\"http:\/\/damas.laiglesiadelacomunidad.com\/wp-content\/uploads\/2015\/06\/IMG_3680.jpg\"><img decoding=\"async\" src=\"http:\/\/damas.laiglesiadelacomunidad.com\/wp-content\/uploads\/2015\/06\/IMG_3680.jpg\" alt=\"\" \/><\/a>\u00a0\u00a0<a href=\"http:\/\/damas.laiglesiadelacomunidad.com\/wp-content\/uploads\/2015\/06\/IMG_3681.jpg\"><img decoding=\"async\" src=\"http:\/\/damas.laiglesiadelacomunidad.com\/wp-content\/uploads\/2015\/06\/IMG_3681.jpg\" alt=\"\" \/><\/a>\u00a0\u00a0<a href=\"http:\/\/damas.laiglesiadelacomunidad.com\/wp-content\/uploads\/2015\/06\/IMG_3682.jpg\"><img decoding=\"async\" src=\"http:\/\/damas.laiglesiadelacomunidad.com\/wp-content\/uploads\/2015\/06\/IMG_3682.jpg\" alt=\"\" \/><\/a>\u00a0\u00a0<a href=\"http:\/\/damas.laiglesiadelacomunidad.com\/wp-content\/uploads\/2015\/06\/IMG_3683.jpg\"><img decoding=\"async\" src=\"http:\/\/damas.laiglesiadelacomunidad.com\/wp-content\/uploads\/2015\/06\/IMG_3683.jpg\" alt=\"\" \/><\/a>\u00a0\u00a0<a href=\"http:\/\/damas.laiglesiadelacomunidad.com\/wp-content\/uploads\/2015\/06\/IMG_3684.jpg\"><img decoding=\"async\" src=\"http:\/\/damas.laiglesiadelacomunidad.com\/wp-content\/uploads\/2015\/06\/IMG_3684.jpg\" alt=\"\" \/><\/a>\u00a0\u00a0<a href=\"http:\/\/damas.laiglesiadelacomunidad.com\/wp-content\/uploads\/2015\/06\/IMG_3685.jpg\"><img decoding=\"async\" src=\"http:\/\/damas.laiglesiadelacomunidad.com\/wp-content\/uploads\/2015\/06\/IMG_3685.jpg\" alt=\"\" \/><\/a>\u00a0\u00a0<a href=\"http:\/\/damas.laiglesiadelacomunidad.com\/wp-content\/uploads\/2015\/06\/IMG_3686.jpg\"><img decoding=\"async\" src=\"http:\/\/damas.laiglesiadelacomunidad.com\/wp-content\/uploads\/2015\/06\/IMG_3686.jpg\" alt=\"\" \/><\/a>\u00a0\u00a0<a href=\"http:\/\/damas.laiglesiadelacomunidad.com\/wp-content\/uploads\/2015\/06\/IMG_3687.jpg\"><img decoding=\"async\" src=\"http:\/\/damas.laiglesiadelacomunidad.com\/wp-content\/uploads\/2015\/06\/IMG_3687.jpg\" alt=\"\" \/><\/a>\u00a0\u00a0<a href=\"http:\/\/damas.laiglesiadelacomunidad.com\/wp-content\/uploads\/2015\/06\/IMG_3688.jpg\"><img decoding=\"async\" src=\"http:\/\/damas.laiglesiadelacomunidad.com\/wp-content\/uploads\/2015\/06\/IMG_3688.jpg\" alt=\"\" \/><\/a>\u00a0\u00a0<a href=\"http:\/\/damas.laiglesiadelacomunidad.com\/wp-content\/uploads\/2015\/06\/IMG_3689.jpg\"><img decoding=\"async\" src=\"http:\/\/damas.laiglesiadelacomunidad.com\/wp-content\/uploads\/2015\/06\/IMG_3689.jpg\" alt=\"\" \/><\/a>\u00a0Just so, I tell you, there will be more joy in heaven over one sinner who repents than over ninety-nine righteous persons who need no repentance. (\u202dLuke\u202c \u202d15\u202c:\u202d7\u202c ESV)<\/p>\n<p>Les digo que as\u00ed tambi\u00e9n ser\u00e1 en el cielo: habr\u00e1 m\u00e1s gozo por un pecador que se arrepiente, que por noventa y nueve justos que no necesitan arrepentirse. (\u202dSan Lucas\u202c \u202d15\u202c:\u202d7\u202c RVC)<\/p>\n","protected":false},"excerpt":{"rendered":"<p>\u00a0\u00a0\u00a0\u00a0\u00a0\u00a0\u00a0\u00a0\u00a0\u00a0\u00a0\u00a0\u00a0\u00a0\u00a0\u00a0\u00a0\u00a0\u00a0Just so, I tell you, there will be more joy in heaven over one sinner who repents than over ninety-nine righteous persons who need no repentance. (\u202dLuke\u202c \u202d15\u202c:\u202d7\u202c ESV) Les digo que as\u00ed tambi\u00e9n ser\u00e1 en el cielo: habr\u00e1 m\u00e1s gozo por un pecador que se arrepiente, que por noventa y nueve justos que no &hellip; <a href=\"http:\/\/damas.laiglesiadelacomunidad.com\/?p=8500\" class=\"more-link\">Continue reading <span class=\"screen-reader-text\">Felicidades Samantha\u00a0<\/span> <span class=\"meta-nav\">&rarr;<\/span><\/a><\/p>\n","protected":false},"author":2,"featured_media":0,"comment_status":"open","ping_status":"open","sticky":false,"template":"","format":"standard","meta":{"footnotes":""},"categories":[22],"tags":[],"_links":{"self":[{"href":"http:\/\/damas.laiglesiadelacomunidad.com\/index.php?rest_route=\/wp\/v2\/posts\/8500"}],"collection":[{"href":"http:\/\/damas.laiglesiadelacomunidad.com\/index.php?rest_route=\/wp\/v2\/posts"}],"about":[{"href":"http:\/\/damas.laiglesiadelacomunidad.com\/index.php?rest_route=\/wp\/v2\/types\/post"}],"author":[{"embeddable":true,"href":"http:\/\/damas.laiglesiadelacomunidad.com\/index.php?rest_route=\/wp\/v2\/users\/2"}],"replies":[{"embeddable":true,"href":"http:\/\/damas.laiglesiadelacomunidad.com\/index.php?rest_route=%2Fwp%2Fv2%2Fcomments&post=8500"}],"version-history":[{"count":2,"href":"http:\/\/damas.laiglesiadelacomunidad.com\/index.php?rest_route=\/wp\/v2\/posts\/8500\/revisions"}],"predecessor-version":[{"id":8532,"href":"http:\/\/damas.laiglesiadelacomunidad.com\/index.php?rest_route=\/wp\/v2\/posts\/8500\/revisions\/8532"}],"wp:attachment":[{"href":"http:\/\/damas.laiglesiadelacomunidad.com\/index.php?rest_route=%2Fwp%2Fv2%2Fmedia&parent=8500"}],"wp:term":[{"taxonomy":"category","embeddable":true,"href":"http:\/\/damas.laiglesiadelacomunidad.com\/index.php?rest_route=%2Fwp%2Fv2%2Fcategories&post=8500"},{"taxonomy":"post_tag","embeddable":true,"href":"http:\/\/damas.laiglesiadelacomunidad.com\/index.php?rest_route=%2Fwp%2Fv2%2Ftags&post=8500"}],"curies":[{"name":"wp","href":"https:\/\/api.w.org\/{rel}","templated":true}]}}