{"id":8471,"date":"2015-06-04T20:20:12","date_gmt":"2015-06-05T01:20:12","guid":{"rendered":"http:\/\/damas.laiglesiadelacomunidad.com\/?p=8471"},"modified":"2015-06-04T22:23:25","modified_gmt":"2015-06-05T03:23:25","slug":"estudio-jueves-4-de-junio-2015","status":"publish","type":"post","link":"http:\/\/damas.laiglesiadelacomunidad.com\/?p=8471","title":{"rendered":"Estudio jueves 4 de Junio 2015"},"content":{"rendered":"<p>Cuando llegaron, les dijo: \u00abUstedes saben c\u00f3mo me port\u00e9 todo el tiempo que estuve con ustedes, desde el primer d\u00eda que vine a la provincia de Asia. He servido al Se\u00f1or con toda humildad y con l\u00e1grimas, a pesar de haber sido sometido a duras pruebas por las maquinaciones de los jud\u00edos. Ustedes saben que no he vacilado en predicarles nada que les fuera de provecho, sino que les he ense\u00f1ado p\u00fablicamente y en las casas. A jud\u00edos y a griegos les he instado a convertirse a Dios y a creer en nuestro Se\u00f1or Jes\u00fas. \u00bbY ahora tengan en cuenta que voy a Jerusal\u00e9n obligado por el Esp\u00edritu, sin saber lo que all\u00ed me espera. Lo \u00fanico que s\u00e9 es que en todas las ciudades el Esp\u00edritu Santo me asegura que me esperan prisiones y sufrimientos. Sin embargo, considero que mi vida carece de valor para m\u00ed mismo, con tal de que termine mi carrera y lleve a cabo el servicio que me ha encomendado el Se\u00f1or Jes\u00fas, que es el de dar testimonio del evangelio de la gracia de Dios. \u00bbEscuchen, yo s\u00e9 que ninguno de ustedes, entre quienes he andado predicando el reino de Dios, volver\u00e1 a verme. Por tanto, hoy les declaro que soy inocente de la sangre de todos, porque sin vacilar les he proclamado todo el prop\u00f3sito de Dios. Tengan cuidado de s\u00ed mismos y de todo el reba\u00f1o sobre el cual el Esp\u00edritu Santo los ha puesto como obispos para pastorear la iglesia de Dios, que \u00e9l adquiri\u00f3 con su propia sangre. S\u00e9 que despu\u00e9s de mi partida entrar\u00e1n en medio de ustedes lobos feroces que procurar\u00e1n acabar con el reba\u00f1o. Aun de entre ustedes mismos se levantar\u00e1n algunos que ense\u00f1ar\u00e1n falsedades para arrastrar a los disc\u00edpulos que los sigan. As\u00ed que est\u00e9n alerta. Recuerden que d\u00eda y noche, durante tres a\u00f1os, no he dejado de amonestar con l\u00e1grimas a cada uno en particular. \u00bbAhora los encomiendo a Dios y al mensaje de su gracia, mensaje que tiene poder para edificarlos y darles herencia entre todos los santificados. No he codiciado ni la plata ni el oro ni la ropa de nadie. Ustedes mismos saben bien que estas manos se han ocupado de mis propias necesidades y de las de mis compa\u00f1eros. Con mi ejemplo les he mostrado que es preciso trabajar duro para ayudar a los necesitados, recordando las palabras del Se\u00f1or Jes\u00fas: \u201cHay m\u00e1s dicha en dar que en recibir.\u201d \u00bb (\u202dHechos\u202c \u202d20\u202c:\u202d18-35\u202c NVI)<\/p>\n","protected":false},"excerpt":{"rendered":"<p>Cuando llegaron, les dijo: \u00abUstedes saben c\u00f3mo me port\u00e9 todo el tiempo que estuve con ustedes, desde el primer d\u00eda que vine a la provincia de Asia. He servido al Se\u00f1or con toda humildad y con l\u00e1grimas, a pesar de haber sido sometido a duras pruebas por las maquinaciones de los jud\u00edos. Ustedes saben que &hellip; <a href=\"http:\/\/damas.laiglesiadelacomunidad.com\/?p=8471\" class=\"more-link\">Continue reading <span class=\"screen-reader-text\">Estudio jueves 4 de Junio 2015<\/span> <span class=\"meta-nav\">&rarr;<\/span><\/a><\/p>\n","protected":false},"author":2,"featured_media":0,"comment_status":"open","ping_status":"open","sticky":false,"template":"","format":"gallery","meta":{"footnotes":""},"categories":[6],"tags":[],"_links":{"self":[{"href":"http:\/\/damas.laiglesiadelacomunidad.com\/index.php?rest_route=\/wp\/v2\/posts\/8471"}],"collection":[{"href":"http:\/\/damas.laiglesiadelacomunidad.com\/index.php?rest_route=\/wp\/v2\/posts"}],"about":[{"href":"http:\/\/damas.laiglesiadelacomunidad.com\/index.php?rest_route=\/wp\/v2\/types\/post"}],"author":[{"embeddable":true,"href":"http:\/\/damas.laiglesiadelacomunidad.com\/index.php?rest_route=\/wp\/v2\/users\/2"}],"replies":[{"embeddable":true,"href":"http:\/\/damas.laiglesiadelacomunidad.com\/index.php?rest_route=%2Fwp%2Fv2%2Fcomments&post=8471"}],"version-history":[{"count":1,"href":"http:\/\/damas.laiglesiadelacomunidad.com\/index.php?rest_route=\/wp\/v2\/posts\/8471\/revisions"}],"predecessor-version":[{"id":8472,"href":"http:\/\/damas.laiglesiadelacomunidad.com\/index.php?rest_route=\/wp\/v2\/posts\/8471\/revisions\/8472"}],"wp:attachment":[{"href":"http:\/\/damas.laiglesiadelacomunidad.com\/index.php?rest_route=%2Fwp%2Fv2%2Fmedia&parent=8471"}],"wp:term":[{"taxonomy":"category","embeddable":true,"href":"http:\/\/damas.laiglesiadelacomunidad.com\/index.php?rest_route=%2Fwp%2Fv2%2Fcategories&post=8471"},{"taxonomy":"post_tag","embeddable":true,"href":"http:\/\/damas.laiglesiadelacomunidad.com\/index.php?rest_route=%2Fwp%2Fv2%2Ftags&post=8471"}],"curies":[{"name":"wp","href":"https:\/\/api.w.org\/{rel}","templated":true}]}}