{"id":7681,"date":"2015-05-03T22:49:41","date_gmt":"2015-05-04T03:49:41","guid":{"rendered":"http:\/\/damas.laiglesiadelacomunidad.com\/?p=7681"},"modified":"2015-05-03T23:06:49","modified_gmt":"2015-05-04T04:06:49","slug":"reunion-3-de-mayo-2015","status":"publish","type":"post","link":"http:\/\/damas.laiglesiadelacomunidad.com\/?p=7681","title":{"rendered":"Reuni\u00f3n 3 de Mayo 2015"},"content":{"rendered":"<p>Gracias Se\u00f1or por tan linda noche, gracias por el sol, la lluvia, los granizos, las nubes, por Tu gran demostraci\u00f3n de Gloria y de Poder, gracias por cada una de las personas que enviaste est\u00e1 noche, gracias por todas las bendiciones que nos regalas cada d\u00eda, gracias por las amistades que hemos estado formando en esta comunidad, gracias por los voluntarios por poner en sus corazones tanto el querer como el hacer.<\/p>\n<p>Hoy empezamos una mini serie <strong>&#8220;Como obedecer a Dios&#8221;\u00a0<\/strong>El tema de hoy fue<strong> &#8220;Obediencia Verdadera&#8221;\u00a0<\/strong>La idea principal fue: <strong>&#8220;Jes\u00fas quiere que nos sometamos completamente al Padre&#8221;\u00a0<\/strong>Hoy vimos como Jes\u00fas nos pide que obedezcamos al Padre de una manera absoluta, no a medias y no midiendo hasta donde podemos hacer algo sin desobedecer a a Dios.<\/p>\n<p>En la ense\u00f1anza de hoy aprendimos que Jes\u00fas vino a obedecer perfectamente la ley, no a abolirla, vino a cumplirla al pie de la letra, y \u00c9l desea que nosotros hagamos lo mismo que nos sometamos a los deseos del Padre hacia nosotros pero \u00c9l pide que no pretendamos por afuera como los fariceos y escribas que cumplian la ley, es m\u00e1s ellos pon\u00edan m\u00e1s reglas sobre la ley para cumplir leyes humanas y no la ley de Dios, Jes\u00fas quiere que sigamos la ley pero quiere que \u00a0lo hagamos de coraz\u00f3n. Lo que Dios m\u00e1s desea es que obedezcamos de Coraz\u00f3n.<\/p>\n<p><span style=\"color: #ff0000;\"><strong><span class=\"text Matt-5-17\">\u00bbNo piensen ustedes que he venido para abolir la ley o los profetas; no he venido para abolir, sino para cumplir.<\/span> <span id=\"es-RVC-23254\" class=\"text Matt-5-18\">Porque de cierto les digo que, mientras existan el cielo y la tierra, no pasar\u00e1 ni una jota ni una tilde de la ley, hasta que todo se haya cumplido.<\/span> <span id=\"es-RVC-23255\" class=\"text Matt-5-19\">De manera que, cualquiera que quebrante uno de estos mandamientos muy peque\u00f1os, y as\u00ed ense\u00f1e a los dem\u00e1s, ser\u00e1 considerado muy peque\u00f1o en el reino de los cielos; pero cualquiera que los practique y los ense\u00f1e, ser\u00e1 considerado grande en el reino de los cielos.<\/span> <\/strong><\/span><span id=\"es-RVC-23256\" class=\"text Matt-5-20\"><span style=\"color: #ff0000;\"><strong>Yo les digo que, si la justicia de ustedes no es mayor que la de los escribas y los fariseos, ustedes no entrar\u00e1n en el reino de los cielos<\/strong><\/span>. Mateo 5:17-20<\/span><\/p>\n<p>Se\u00f1or te pedimos que nos ense\u00f1es y nos ayudes a obedecerte de coraz\u00f3n, que pongas ese deseo en nuestro coraz\u00f3n, te lo pedimos en nombre de Jesucristo nuestro Se\u00f1or, am\u00e9n.<\/p>\n<p>Que tengan una linda Semana \ud83d\ude42 , Dios las bendiga.<\/p>\n<p>Jackie C.<\/p>\n<p><strong><a href=\"http:\/\/damas.laiglesiadelacomunidad.com\/?attachment_id=7693\" rel=\"attachment wp-att-7693\"><img loading=\"lazy\" decoding=\"async\" class=\"alignnone size-full wp-image-7693\" src=\"http:\/\/damas.laiglesiadelacomunidad.com\/wp-content\/uploads\/2015\/05\/2015-05-03-21.43.35.jpg\" alt=\"2015-05-03 21.43.35\" width=\"1280\" height=\"720\" srcset=\"http:\/\/damas.laiglesiadelacomunidad.com\/wp-content\/uploads\/2015\/05\/2015-05-03-21.43.35.jpg 1280w, http:\/\/damas.laiglesiadelacomunidad.com\/wp-content\/uploads\/2015\/05\/2015-05-03-21.43.35-300x169.jpg 300w, http:\/\/damas.laiglesiadelacomunidad.com\/wp-content\/uploads\/2015\/05\/2015-05-03-21.43.35-1024x576.jpg 1024w\" sizes=\"(max-width: 1280px) 100vw, 1280px\" \/><\/a><\/strong><\/p>\n<p><a href=\"http:\/\/damas.laiglesiadelacomunidad.com\/?attachment_id=7688\" rel=\"attachment wp-att-7688\"><img loading=\"lazy\" decoding=\"async\" class=\"alignnone size-full wp-image-7688\" src=\"http:\/\/damas.laiglesiadelacomunidad.com\/wp-content\/uploads\/2015\/05\/2015-05-03-21.44.12.jpg\" alt=\"2015-05-03 21.44.12\" width=\"1280\" height=\"960\" srcset=\"http:\/\/damas.laiglesiadelacomunidad.com\/wp-content\/uploads\/2015\/05\/2015-05-03-21.44.12.jpg 1280w, http:\/\/damas.laiglesiadelacomunidad.com\/wp-content\/uploads\/2015\/05\/2015-05-03-21.44.12-300x225.jpg 300w, http:\/\/damas.laiglesiadelacomunidad.com\/wp-content\/uploads\/2015\/05\/2015-05-03-21.44.12-1024x768.jpg 1024w\" sizes=\"(max-width: 1280px) 100vw, 1280px\" \/><\/a><\/p>\n<p><strong><a href=\"http:\/\/damas.laiglesiadelacomunidad.com\/?attachment_id=7682\" rel=\"attachment wp-att-7682\"><img loading=\"lazy\" decoding=\"async\" class=\"alignnone size-full wp-image-7682\" src=\"http:\/\/damas.laiglesiadelacomunidad.com\/wp-content\/uploads\/2015\/05\/2015-05-03-21.44.27.jpg\" alt=\"2015-05-03 21.44.27\" width=\"960\" height=\"1280\" srcset=\"http:\/\/damas.laiglesiadelacomunidad.com\/wp-content\/uploads\/2015\/05\/2015-05-03-21.44.27.jpg 960w, http:\/\/damas.laiglesiadelacomunidad.com\/wp-content\/uploads\/2015\/05\/2015-05-03-21.44.27-225x300.jpg 225w, http:\/\/damas.laiglesiadelacomunidad.com\/wp-content\/uploads\/2015\/05\/2015-05-03-21.44.27-768x1024.jpg 768w\" sizes=\"(max-width: 960px) 100vw, 960px\" \/><\/a><\/strong><\/p>\n<p><strong> <a href=\"http:\/\/damas.laiglesiadelacomunidad.com\/?attachment_id=7683\" rel=\"attachment wp-att-7683\"><img loading=\"lazy\" decoding=\"async\" class=\"alignnone size-full wp-image-7683\" src=\"http:\/\/damas.laiglesiadelacomunidad.com\/wp-content\/uploads\/2015\/05\/2015-05-03-21.44.36.jpg\" alt=\"2015-05-03 21.44.36\" width=\"960\" height=\"1280\" srcset=\"http:\/\/damas.laiglesiadelacomunidad.com\/wp-content\/uploads\/2015\/05\/2015-05-03-21.44.36.jpg 960w, http:\/\/damas.laiglesiadelacomunidad.com\/wp-content\/uploads\/2015\/05\/2015-05-03-21.44.36-225x300.jpg 225w, http:\/\/damas.laiglesiadelacomunidad.com\/wp-content\/uploads\/2015\/05\/2015-05-03-21.44.36-768x1024.jpg 768w\" sizes=\"(max-width: 960px) 100vw, 960px\" \/><\/a><\/strong><\/p>\n<p><strong><a href=\"http:\/\/damas.laiglesiadelacomunidad.com\/?attachment_id=7684\" rel=\"attachment wp-att-7684\"><img loading=\"lazy\" decoding=\"async\" class=\"alignnone size-full wp-image-7684\" src=\"http:\/\/damas.laiglesiadelacomunidad.com\/wp-content\/uploads\/2015\/05\/2015-05-03-21.44.39.jpg\" alt=\"2015-05-03 21.44.39\" width=\"960\" height=\"1280\" srcset=\"http:\/\/damas.laiglesiadelacomunidad.com\/wp-content\/uploads\/2015\/05\/2015-05-03-21.44.39.jpg 960w, http:\/\/damas.laiglesiadelacomunidad.com\/wp-content\/uploads\/2015\/05\/2015-05-03-21.44.39-225x300.jpg 225w, http:\/\/damas.laiglesiadelacomunidad.com\/wp-content\/uploads\/2015\/05\/2015-05-03-21.44.39-768x1024.jpg 768w\" sizes=\"(max-width: 960px) 100vw, 960px\" \/><\/a> <\/strong><\/p>\n<p><strong><a href=\"http:\/\/damas.laiglesiadelacomunidad.com\/?attachment_id=7685\" rel=\"attachment wp-att-7685\"><img loading=\"lazy\" decoding=\"async\" class=\"alignnone size-full wp-image-7685\" src=\"http:\/\/damas.laiglesiadelacomunidad.com\/wp-content\/uploads\/2015\/05\/2015-05-03-21.44.41.jpg\" alt=\"2015-05-03 21.44.41\" width=\"960\" height=\"1280\" srcset=\"http:\/\/damas.laiglesiadelacomunidad.com\/wp-content\/uploads\/2015\/05\/2015-05-03-21.44.41.jpg 960w, http:\/\/damas.laiglesiadelacomunidad.com\/wp-content\/uploads\/2015\/05\/2015-05-03-21.44.41-225x300.jpg 225w, http:\/\/damas.laiglesiadelacomunidad.com\/wp-content\/uploads\/2015\/05\/2015-05-03-21.44.41-768x1024.jpg 768w\" sizes=\"(max-width: 960px) 100vw, 960px\" \/><\/a><\/strong><\/p>\n<p><strong><a href=\"http:\/\/damas.laiglesiadelacomunidad.com\/?attachment_id=7557\" rel=\"attachment wp-att-7557\"><img loading=\"lazy\" decoding=\"async\" class=\"alignnone size-full wp-image-7557\" src=\"http:\/\/damas.laiglesiadelacomunidad.com\/wp-content\/uploads\/2015\/04\/IMG_2360.jpg\" alt=\"IMG_2360.JPG\" width=\"1920\" height=\"1920\" srcset=\"http:\/\/damas.laiglesiadelacomunidad.com\/wp-content\/uploads\/2015\/04\/IMG_2360.jpg 1920w, http:\/\/damas.laiglesiadelacomunidad.com\/wp-content\/uploads\/2015\/04\/IMG_2360-150x150.jpg 150w, http:\/\/damas.laiglesiadelacomunidad.com\/wp-content\/uploads\/2015\/04\/IMG_2360-300x300.jpg 300w, http:\/\/damas.laiglesiadelacomunidad.com\/wp-content\/uploads\/2015\/04\/IMG_2360-1024x1024.jpg 1024w\" sizes=\"(max-width: 1920px) 100vw, 1920px\" \/><\/a><\/strong><\/p>\n","protected":false},"excerpt":{"rendered":"<p>Gracias Se\u00f1or por tan linda noche, gracias por el sol, la lluvia, los granizos, las nubes, por Tu gran demostraci\u00f3n de Gloria y de Poder, gracias por cada una de las personas que enviaste est\u00e1 noche, gracias por todas las bendiciones que nos regalas cada d\u00eda, gracias por las amistades que hemos estado formando en &hellip; <a href=\"http:\/\/damas.laiglesiadelacomunidad.com\/?p=7681\" class=\"more-link\">Continue reading <span class=\"screen-reader-text\">Reuni\u00f3n 3 de Mayo 2015<\/span> <span class=\"meta-nav\">&rarr;<\/span><\/a><\/p>\n","protected":false},"author":2,"featured_media":0,"comment_status":"open","ping_status":"open","sticky":false,"template":"","format":"gallery","meta":{"footnotes":""},"categories":[7],"tags":[],"_links":{"self":[{"href":"http:\/\/damas.laiglesiadelacomunidad.com\/index.php?rest_route=\/wp\/v2\/posts\/7681"}],"collection":[{"href":"http:\/\/damas.laiglesiadelacomunidad.com\/index.php?rest_route=\/wp\/v2\/posts"}],"about":[{"href":"http:\/\/damas.laiglesiadelacomunidad.com\/index.php?rest_route=\/wp\/v2\/types\/post"}],"author":[{"embeddable":true,"href":"http:\/\/damas.laiglesiadelacomunidad.com\/index.php?rest_route=\/wp\/v2\/users\/2"}],"replies":[{"embeddable":true,"href":"http:\/\/damas.laiglesiadelacomunidad.com\/index.php?rest_route=%2Fwp%2Fv2%2Fcomments&post=7681"}],"version-history":[{"count":5,"href":"http:\/\/damas.laiglesiadelacomunidad.com\/index.php?rest_route=\/wp\/v2\/posts\/7681\/revisions"}],"predecessor-version":[{"id":7724,"href":"http:\/\/damas.laiglesiadelacomunidad.com\/index.php?rest_route=\/wp\/v2\/posts\/7681\/revisions\/7724"}],"wp:attachment":[{"href":"http:\/\/damas.laiglesiadelacomunidad.com\/index.php?rest_route=%2Fwp%2Fv2%2Fmedia&parent=7681"}],"wp:term":[{"taxonomy":"category","embeddable":true,"href":"http:\/\/damas.laiglesiadelacomunidad.com\/index.php?rest_route=%2Fwp%2Fv2%2Fcategories&post=7681"},{"taxonomy":"post_tag","embeddable":true,"href":"http:\/\/damas.laiglesiadelacomunidad.com\/index.php?rest_route=%2Fwp%2Fv2%2Ftags&post=7681"}],"curies":[{"name":"wp","href":"https:\/\/api.w.org\/{rel}","templated":true}]}}