{"id":7621,"date":"2015-05-03T12:00:34","date_gmt":"2015-05-03T17:00:34","guid":{"rendered":"http:\/\/damas.laiglesiadelacomunidad.com\/?p=7621"},"modified":"2015-05-03T12:11:05","modified_gmt":"2015-05-03T17:11:05","slug":"canciones-para-el-domingo-3-de-mayo-2015","status":"publish","type":"post","link":"http:\/\/damas.laiglesiadelacomunidad.com\/?p=7621","title":{"rendered":"Canciones para el domingo 3 de Mayo 2015"},"content":{"rendered":"<p><span class=\"text Rom-1-16\" style=\"color: #ffff99;\">No me averg\u00fcenzo del evangelio, porque es poder de Dios para la salvaci\u00f3n de todo aquel que cree: en primer lugar, para los jud\u00edos, y tambi\u00e9n para los que no lo son. <\/span><span id=\"es-RVC-27949\" class=\"text Rom-1-17\"><span style=\"color: #ffff99;\">Porque en el evangelio se revela la justicia de Dios, que de principio a fin es por medio de la fe, tal como est\u00e1 escrito: \u00abEl justo por la fe vivir\u00e1.\u00bb<\/span> Romanos 1:16-17<\/span><\/p>\n<p><iframe loading=\"lazy\" width=\"604\" height=\"453\" src=\"https:\/\/www.youtube.com\/embed\/videoseries?list=PLrYi43f735-VAZ_LHThUm8pidSGluhEpn\" frameborder=\"0\" allowfullscreen><\/iframe><\/p>\n","protected":false},"excerpt":{"rendered":"<p>No me averg\u00fcenzo del evangelio, porque es poder de Dios para la salvaci\u00f3n de todo aquel que cree: en primer lugar, para los jud\u00edos, y tambi\u00e9n para los que no lo son. Porque en el evangelio se revela la justicia de Dios, que de principio a fin es por medio de la fe, tal como &hellip; <a href=\"http:\/\/damas.laiglesiadelacomunidad.com\/?p=7621\" class=\"more-link\">Continue reading <span class=\"screen-reader-text\">Canciones para el domingo 3 de Mayo 2015<\/span> <span class=\"meta-nav\">&rarr;<\/span><\/a><\/p>\n","protected":false},"author":2,"featured_media":0,"comment_status":"open","ping_status":"open","sticky":false,"template":"","format":"video","meta":{"footnotes":""},"categories":[21],"tags":[],"_links":{"self":[{"href":"http:\/\/damas.laiglesiadelacomunidad.com\/index.php?rest_route=\/wp\/v2\/posts\/7621"}],"collection":[{"href":"http:\/\/damas.laiglesiadelacomunidad.com\/index.php?rest_route=\/wp\/v2\/posts"}],"about":[{"href":"http:\/\/damas.laiglesiadelacomunidad.com\/index.php?rest_route=\/wp\/v2\/types\/post"}],"author":[{"embeddable":true,"href":"http:\/\/damas.laiglesiadelacomunidad.com\/index.php?rest_route=\/wp\/v2\/users\/2"}],"replies":[{"embeddable":true,"href":"http:\/\/damas.laiglesiadelacomunidad.com\/index.php?rest_route=%2Fwp%2Fv2%2Fcomments&post=7621"}],"version-history":[{"count":3,"href":"http:\/\/damas.laiglesiadelacomunidad.com\/index.php?rest_route=\/wp\/v2\/posts\/7621\/revisions"}],"predecessor-version":[{"id":7624,"href":"http:\/\/damas.laiglesiadelacomunidad.com\/index.php?rest_route=\/wp\/v2\/posts\/7621\/revisions\/7624"}],"wp:attachment":[{"href":"http:\/\/damas.laiglesiadelacomunidad.com\/index.php?rest_route=%2Fwp%2Fv2%2Fmedia&parent=7621"}],"wp:term":[{"taxonomy":"category","embeddable":true,"href":"http:\/\/damas.laiglesiadelacomunidad.com\/index.php?rest_route=%2Fwp%2Fv2%2Fcategories&post=7621"},{"taxonomy":"post_tag","embeddable":true,"href":"http:\/\/damas.laiglesiadelacomunidad.com\/index.php?rest_route=%2Fwp%2Fv2%2Ftags&post=7621"}],"curies":[{"name":"wp","href":"https:\/\/api.w.org\/{rel}","templated":true}]}}