{"id":7595,"date":"2015-04-26T23:39:56","date_gmt":"2015-04-27T04:39:56","guid":{"rendered":"http:\/\/damas.laiglesiadelacomunidad.com\/?p=7595"},"modified":"2015-04-27T10:39:48","modified_gmt":"2015-04-27T15:39:48","slug":"reunion-26-de-abril-del-2015-2","status":"publish","type":"post","link":"http:\/\/damas.laiglesiadelacomunidad.com\/?p=7595","title":{"rendered":"Reuni\u00f3n 26 de Abril del 2015"},"content":{"rendered":"<p>Gracia\u200bs Dios por concluir nuestro domingo con un excelente mensaje inspirado con t\u00fa palabra, gracias por los m\u00fasicos, cantantes, voluntarios y por cada persona que asisti\u00f3, gracias Dios por permitirnos dar inicio \u00e9sta noche con la clase dominical de ni\u00f1os, por sus oraciones para las maestras, sabemos que es un gran compromiso el gu\u00edar y ense\u00f1ar a cada uno se \u00e9stos peque\u00f1itos.<\/p>\n<p>El tema de hoy fue \u200b\u201c\u200bSal y Luz\u201d y la idea grande fue: &#8220;Los seguidores de Jes\u00fas deben cambiar su mundo&#8221;\u00a0 V\u00edmos que por ver la vida de Jes\u00fas nos deber\u00eda\u00a0 inspirar a seguir su ejemplo, \u00c9l nos ense\u00f1a en su palabra a como lograr esa gran meta que muchas veces se nos hace imposible de alcanzar.<\/p>\n<p>El prop\u00f3sito que Dios para todos es hacer cambios en nosotros, \u00bfAlguna vez te has preguntado si tu vida tiene sentido o prop\u00f3sito? Todos a veces sentimos que no la tiene, nos enfocamos en nuestra vida, nuestro mundo, nuestro reino y eso nos hace casi siempre pensar que no podemos ser sal ni luz, pero Dios nos da una manera pr\u00e1ctica y sencilla de poder lograrlo pero primero veamos que es la sal y la luz.<\/p>\n<p>&#8220;Sal&#8221; produce &#8220;CAMBIO&#8221;\u00a0 Y\u00a0 &#8216;PRESERVA&#8221; cambia para bien, cambia todo lo que lo toca por ejemplo de las comidas, el Pan con sal, Sal encima del cubito de hielo y tambien perserva las carnes, vimos como se compara espiritualmente:\u00a0 Somos los agentes del cambio de Dios en este mundo, conectamos a otros con el poder cambiador de Dios, por mejorar nuestra vida f\u00edsica y\u00a0 aun m\u00e1s la vida eterna, que seamos perdonados, adoptados y llenos del Esp\u00edritu de Dios.<\/p>\n<p>&#8220;Luz&#8221; Ilumina a todos lo que la ven y Dios quiere que seamos iluminados con su luz para dar de esa luz a este mundo.<\/p>\n<p>C\u00f3mo cambiar el mundo con Jes\u00fas \u00bfC\u00f3mo vivamos como sal y luz? como hemos v\u00edsto en las bienaventuranzas\u00a0 nos han mostrardp como cada una nos lleva a cambiar el mundo\u00a0 .Mateo 5:3 \u201cBienaventurados los pobres en esp\u00edritu, pues de ellos es el reino de los cielos. Cuando reconocemos que somos malos otras personas son cambiadas por que pueden confesar que tambi\u00e9n son malos. Reflejamos la luz de Dios por demostrar nuestra confianza en su perd\u00f3n. Que no es por nosotros, sino por \u00c9l. Mateo 5:4 \u201cBienaventurados los que lloran, pues ellos ser\u00e1n consolados. Cuando lloramos por nuestra maldad, otras personas son cambiadas por ver el poder destructor del pecado as\u00ed otros pueden tomar m\u00e1s en serio su rebeld\u00eda.\u00a0 Reflejamos la luz de Dios por que la cruz se ve m\u00e1s grande comparada con nuestra maldad. Mateo 5:5 \u201cBienaventurados los humildes, pues ellos heredar\u00e1n la tierra. M\u00e1s que dejamos de ser nuestro propio jefe otras personas son cambiadas porque observan el arrepentimiento. Cuando dejamos de ser nuestro propios jefes reflejamos la luz de Dios por exaltar la excelencia de su soberan\u00eda. Mateo 5:6 \u201cBienaventurados los que tienen hambre y sed de justicia, pues ellos ser\u00e1n saciados.<\/p>\n<p>Mateo 5:13\u00ad-16 13 \u201cUstedes son la sal de la tierra\u037e pero si la sal se ha vuelto ins\u00edpida, \u00bfcon qu\u00e9 se har\u00e1 salada otra vez? Ya no sirve para nada, sino para ser echada fuera y pisoteada por los hombres. 14 \u201cUstedes son la luz del mundo. Una ciudad situada sobre un monte no se puede ocultar\u037e 15 ni se enciende una l\u00e1mpara y se pone debajo de una vasija, sino sobre el candelero, y alumbra a todos los que est\u00e1n en la casa. 16 \u201cAs\u00ed brille la luz de ustedes delante de los hombres, para que vean sus buenas acciones y glorifiquen a su Padre que est\u00e1 en los cielos.<\/p>\n<p>Que el Se\u00f1or les bendiga y proteja de todo mal, que el Se\u00f1or continue bendiciendo y protegiendo la\u00a0 Iglesia y a cada una de las personas que son parte de ella.<\/p>\n<p>Fel\u00edz inicio de semana \ud83d\ude42<br \/>\n<a href=\"http:\/\/damas.laiglesiadelacomunidad.com\/wp-content\/uploads\/2015\/04\/wpid-img-20150426-wa0017-1-14.jpg\"><img decoding=\"async\" class=\"alignnone size-full\" title=\"IMG-20150426-WA0017-1-1.jpg\" src=\"http:\/\/damas.laiglesiadelacomunidad.com\/wp-content\/uploads\/2015\/04\/wpid-img-20150426-wa0017-1-14.jpg\" alt=\"image\" \/><\/a><\/p>\n","protected":false},"excerpt":{"rendered":"<p>Gracia\u200bs Dios por concluir nuestro domingo con un excelente mensaje inspirado con t\u00fa palabra, gracias por los m\u00fasicos, cantantes, voluntarios y por cada persona que asisti\u00f3, gracias Dios por permitirnos dar inicio \u00e9sta noche con la clase dominical de ni\u00f1os, por sus oraciones para las maestras, sabemos que es un gran compromiso el gu\u00edar y &hellip; <a href=\"http:\/\/damas.laiglesiadelacomunidad.com\/?p=7595\" class=\"more-link\">Continue reading <span class=\"screen-reader-text\">Reuni\u00f3n 26 de Abril del 2015<\/span> <span class=\"meta-nav\">&rarr;<\/span><\/a><\/p>\n","protected":false},"author":3,"featured_media":0,"comment_status":"open","ping_status":"open","sticky":false,"template":"","format":"standard","meta":{"footnotes":""},"categories":[7],"tags":[],"_links":{"self":[{"href":"http:\/\/damas.laiglesiadelacomunidad.com\/index.php?rest_route=\/wp\/v2\/posts\/7595"}],"collection":[{"href":"http:\/\/damas.laiglesiadelacomunidad.com\/index.php?rest_route=\/wp\/v2\/posts"}],"about":[{"href":"http:\/\/damas.laiglesiadelacomunidad.com\/index.php?rest_route=\/wp\/v2\/types\/post"}],"author":[{"embeddable":true,"href":"http:\/\/damas.laiglesiadelacomunidad.com\/index.php?rest_route=\/wp\/v2\/users\/3"}],"replies":[{"embeddable":true,"href":"http:\/\/damas.laiglesiadelacomunidad.com\/index.php?rest_route=%2Fwp%2Fv2%2Fcomments&post=7595"}],"version-history":[{"count":4,"href":"http:\/\/damas.laiglesiadelacomunidad.com\/index.php?rest_route=\/wp\/v2\/posts\/7595\/revisions"}],"predecessor-version":[{"id":7620,"href":"http:\/\/damas.laiglesiadelacomunidad.com\/index.php?rest_route=\/wp\/v2\/posts\/7595\/revisions\/7620"}],"wp:attachment":[{"href":"http:\/\/damas.laiglesiadelacomunidad.com\/index.php?rest_route=%2Fwp%2Fv2%2Fmedia&parent=7595"}],"wp:term":[{"taxonomy":"category","embeddable":true,"href":"http:\/\/damas.laiglesiadelacomunidad.com\/index.php?rest_route=%2Fwp%2Fv2%2Fcategories&post=7595"},{"taxonomy":"post_tag","embeddable":true,"href":"http:\/\/damas.laiglesiadelacomunidad.com\/index.php?rest_route=%2Fwp%2Fv2%2Ftags&post=7595"}],"curies":[{"name":"wp","href":"https:\/\/api.w.org\/{rel}","templated":true}]}}