{"id":7327,"date":"2015-04-12T22:15:09","date_gmt":"2015-04-13T03:15:09","guid":{"rendered":"http:\/\/damas.laiglesiadelacomunidad.com\/?p=7327"},"modified":"2015-04-12T22:18:19","modified_gmt":"2015-04-13T03:18:19","slug":"reunion-12-de-abril-del-2015","status":"publish","type":"post","link":"http:\/\/damas.laiglesiadelacomunidad.com\/?p=7327","title":{"rendered":"Reuni\u00f3n 12 de Abril del 2015"},"content":{"rendered":"<p>Gracias Se\u00f1or por tan linda noche, gracias por la lluvia que recibimos, gracias por cada persona que asisti\u00f3 a escuchar tu palabra y gracias por darnos tanto el querer como el hacer para trabajar en Tu obra, gracias por poner m\u00e1s hombres y mujeres a Tu servicio.<\/p>\n<p>El tema de hoy fue;<strong> &#8220;Los que aman la paz&#8221;\u00a0<\/strong>y la idea grande de hoy fue: <strong>&#8220;Felices los que hacen la paz&#8221;\u00a0<\/strong>hoy reanudamos el tema de las bienaventuranzas y la bienaventuranza de hoy fue :\u00a0<span style=\"color: #ff0000;\">\u201cBienaventurados los que procuran la paz, pues ellos ser\u00e1n llamados hijos de Dios.\u00a0<span style=\"color: #000000;\">Mateo 5:9. Dios quiere que hagamos la paz entre nosotros y nuestro pr\u00f3jimo, que ayudemos a mediar para que dos personas hagan la paz, y ayudar a otros a que tengan paz con Dios.<\/span><\/span><\/p>\n<p>Nosotros como sus hijas somos llamadas a tener paz entre nosotras, no una paz superficial si no una paz verdadera donde hay arrepentimiento, perd\u00f3n y amor. Tambi\u00e9n quiere que ayudemos a nuestras hermanas a tener paz entre ellas, no meterlas en m\u00e1s lios o tomar lados, o aprovechar de la situaci\u00f3n para enredarnos en chismes y cr\u00edticas, el quiere que mediemos y que confrontemos a nuestras hermanas con sus pecados y llevarlas al arrepentimiento. Y por \u00faltimo y lo m\u00e1s importante es que ayudemos a personas que no tienen paz con \u00c9l a encontrar una relaci\u00f3n genuina con \u00c9l y tener Paz con Dios por tomar la decisi\u00f3n de seguirle por arrepentirse y bautizarse.<\/p>\n<p><span style=\"color: #ff0000;\">\u201cBienaventurados los que procuran la paz, pues ellos ser\u00e1n llamados hijos de Dios.\u00a0<span style=\"color: #000000;\">Mateo 5:9<\/span><\/span><\/p>\n<p><strong>Por tanto, habiendo sido justificados por la fe, tenemos paz para con Dios por medio de nuestro Se\u00f1or Jesucristo,<\/strong> Romanos 5:1<\/p>\n<p><strong>Porque mientras a\u00fan \u00e9ramos d\u00e9biles, a su tiempo Cristo muri\u00f3 por los imp\u00edos. Porque dif\u00edcilmente habr\u00e1 alguien que muera por un justo, aunque tal vez alguno se atreva a morir por el bueno. Pero Dios demuestra su amor para con nosotros, en que siendo a\u00fan pecadores, Cristo muri\u00f3 por nosotros. Entonces mucho m\u00e1s, habiendo sido ahora justificados por Su sangre, seremos salvos de la ira de Dios por medio de El. Porque si cuando \u00e9ramos enemigos fuimos reconciliados con Dios por la muerte de Su Hijo, mucho m\u00e1s, habiendo sido reconciliados, seremos salvos por Su vida. Y no s\u00f3lo esto, sino que tambi\u00e9n nos gloriamos en Dios por medio de nuestro Se\u00f1or Jesucristo, por quien ahora hemos recibido la reconciliaci\u00f3n.<\/strong> Romanos 5:6-11<\/p>\n<p>Se\u00f1or te pedimos que nos ayudes a ser las mensajeras de tu Paz, que nos sigas usando grandemente en Tu Reino, te lo pedimos en nombre de Jesucristo nuestro Se\u00f1or, Am\u00e9n.<\/p>\n<p>Que tengan una linda semana, Dios las bendiga;<\/p>\n<p>Jackie C.<\/p>\n<p><a href=\"http:\/\/damas.laiglesiadelacomunidad.com\/?attachment_id=7331\" rel=\"attachment wp-att-7331\"><img loading=\"lazy\" decoding=\"async\" class=\"alignnone size-full wp-image-7331\" src=\"http:\/\/damas.laiglesiadelacomunidad.com\/wp-content\/uploads\/2015\/04\/2015-04-12-19.38.48.jpg\" alt=\"2015-04-12 19.38.48\" width=\"2448\" height=\"2448\" srcset=\"http:\/\/damas.laiglesiadelacomunidad.com\/wp-content\/uploads\/2015\/04\/2015-04-12-19.38.48.jpg 2448w, http:\/\/damas.laiglesiadelacomunidad.com\/wp-content\/uploads\/2015\/04\/2015-04-12-19.38.48-150x150.jpg 150w, http:\/\/damas.laiglesiadelacomunidad.com\/wp-content\/uploads\/2015\/04\/2015-04-12-19.38.48-300x300.jpg 300w, http:\/\/damas.laiglesiadelacomunidad.com\/wp-content\/uploads\/2015\/04\/2015-04-12-19.38.48-1024x1024.jpg 1024w\" sizes=\"(max-width: 2448px) 100vw, 2448px\" \/><\/a> <a href=\"http:\/\/damas.laiglesiadelacomunidad.com\/?attachment_id=7332\" rel=\"attachment wp-att-7332\"><img loading=\"lazy\" decoding=\"async\" class=\"alignnone size-full wp-image-7332\" src=\"http:\/\/damas.laiglesiadelacomunidad.com\/wp-content\/uploads\/2015\/04\/2015-04-12-21.17.37.jpg\" alt=\"2015-04-12 21.17.37\" width=\"720\" height=\"1280\" srcset=\"http:\/\/damas.laiglesiadelacomunidad.com\/wp-content\/uploads\/2015\/04\/2015-04-12-21.17.37.jpg 720w, http:\/\/damas.laiglesiadelacomunidad.com\/wp-content\/uploads\/2015\/04\/2015-04-12-21.17.37-169x300.jpg 169w, http:\/\/damas.laiglesiadelacomunidad.com\/wp-content\/uploads\/2015\/04\/2015-04-12-21.17.37-576x1024.jpg 576w\" sizes=\"(max-width: 720px) 100vw, 720px\" \/><\/a> <a href=\"http:\/\/damas.laiglesiadelacomunidad.com\/?attachment_id=7333\" rel=\"attachment wp-att-7333\"><img loading=\"lazy\" decoding=\"async\" class=\"alignnone size-full wp-image-7333\" src=\"http:\/\/damas.laiglesiadelacomunidad.com\/wp-content\/uploads\/2015\/04\/2015-04-12-21.17.47.jpg\" alt=\"2015-04-12 21.17.47\" width=\"720\" height=\"1280\" srcset=\"http:\/\/damas.laiglesiadelacomunidad.com\/wp-content\/uploads\/2015\/04\/2015-04-12-21.17.47.jpg 720w, http:\/\/damas.laiglesiadelacomunidad.com\/wp-content\/uploads\/2015\/04\/2015-04-12-21.17.47-169x300.jpg 169w, http:\/\/damas.laiglesiadelacomunidad.com\/wp-content\/uploads\/2015\/04\/2015-04-12-21.17.47-576x1024.jpg 576w\" sizes=\"(max-width: 720px) 100vw, 720px\" \/><\/a> <a href=\"http:\/\/damas.laiglesiadelacomunidad.com\/?attachment_id=7334\" rel=\"attachment wp-att-7334\"><img loading=\"lazy\" decoding=\"async\" class=\"alignnone size-full wp-image-7334\" src=\"http:\/\/damas.laiglesiadelacomunidad.com\/wp-content\/uploads\/2015\/04\/2015-04-12-21.21.21.jpg\" alt=\"2015-04-12 21.21.21\" width=\"1280\" height=\"720\" srcset=\"http:\/\/damas.laiglesiadelacomunidad.com\/wp-content\/uploads\/2015\/04\/2015-04-12-21.21.21.jpg 1280w, http:\/\/damas.laiglesiadelacomunidad.com\/wp-content\/uploads\/2015\/04\/2015-04-12-21.21.21-300x169.jpg 300w, http:\/\/damas.laiglesiadelacomunidad.com\/wp-content\/uploads\/2015\/04\/2015-04-12-21.21.21-1024x576.jpg 1024w\" sizes=\"(max-width: 1280px) 100vw, 1280px\" \/><\/a> <a href=\"http:\/\/damas.laiglesiadelacomunidad.com\/?attachment_id=7335\" rel=\"attachment wp-att-7335\"><img loading=\"lazy\" decoding=\"async\" class=\"alignnone size-full wp-image-7335\" src=\"http:\/\/damas.laiglesiadelacomunidad.com\/wp-content\/uploads\/2015\/04\/2015-04-12-21.50.16.jpg\" alt=\"2015-04-12 21.50.16\" width=\"960\" height=\"1280\" srcset=\"http:\/\/damas.laiglesiadelacomunidad.com\/wp-content\/uploads\/2015\/04\/2015-04-12-21.50.16.jpg 960w, http:\/\/damas.laiglesiadelacomunidad.com\/wp-content\/uploads\/2015\/04\/2015-04-12-21.50.16-225x300.jpg 225w, http:\/\/damas.laiglesiadelacomunidad.com\/wp-content\/uploads\/2015\/04\/2015-04-12-21.50.16-768x1024.jpg 768w\" sizes=\"(max-width: 960px) 100vw, 960px\" \/><\/a> <a href=\"http:\/\/damas.laiglesiadelacomunidad.com\/?attachment_id=7336\" rel=\"attachment wp-att-7336\"><img loading=\"lazy\" decoding=\"async\" class=\"alignnone size-full wp-image-7336\" src=\"http:\/\/damas.laiglesiadelacomunidad.com\/wp-content\/uploads\/2015\/04\/2015-04-12-21.50.20.jpg\" alt=\"2015-04-12 21.50.20\" width=\"960\" height=\"1280\" srcset=\"http:\/\/damas.laiglesiadelacomunidad.com\/wp-content\/uploads\/2015\/04\/2015-04-12-21.50.20.jpg 960w, http:\/\/damas.laiglesiadelacomunidad.com\/wp-content\/uploads\/2015\/04\/2015-04-12-21.50.20-225x300.jpg 225w, http:\/\/damas.laiglesiadelacomunidad.com\/wp-content\/uploads\/2015\/04\/2015-04-12-21.50.20-768x1024.jpg 768w\" sizes=\"(max-width: 960px) 100vw, 960px\" \/><\/a> <a href=\"http:\/\/damas.laiglesiadelacomunidad.com\/?attachment_id=7337\" rel=\"attachment wp-att-7337\"><img loading=\"lazy\" decoding=\"async\" class=\"alignnone size-full wp-image-7337\" src=\"http:\/\/damas.laiglesiadelacomunidad.com\/wp-content\/uploads\/2015\/04\/2015-04-12-21.50.23.jpg\" alt=\"2015-04-12 21.50.23\" width=\"640\" height=\"852\" srcset=\"http:\/\/damas.laiglesiadelacomunidad.com\/wp-content\/uploads\/2015\/04\/2015-04-12-21.50.23.jpg 640w, http:\/\/damas.laiglesiadelacomunidad.com\/wp-content\/uploads\/2015\/04\/2015-04-12-21.50.23-225x300.jpg 225w\" sizes=\"(max-width: 640px) 100vw, 640px\" \/><\/a> <a href=\"http:\/\/damas.laiglesiadelacomunidad.com\/?attachment_id=7338\" rel=\"attachment wp-att-7338\"><img loading=\"lazy\" decoding=\"async\" class=\"alignnone size-full wp-image-7338\" src=\"http:\/\/damas.laiglesiadelacomunidad.com\/wp-content\/uploads\/2015\/04\/2015-04-12-21.50.26.jpg\" alt=\"2015-04-12 21.50.26\" width=\"960\" height=\"1280\" srcset=\"http:\/\/damas.laiglesiadelacomunidad.com\/wp-content\/uploads\/2015\/04\/2015-04-12-21.50.26.jpg 960w, http:\/\/damas.laiglesiadelacomunidad.com\/wp-content\/uploads\/2015\/04\/2015-04-12-21.50.26-225x300.jpg 225w, http:\/\/damas.laiglesiadelacomunidad.com\/wp-content\/uploads\/2015\/04\/2015-04-12-21.50.26-768x1024.jpg 768w\" sizes=\"(max-width: 960px) 100vw, 960px\" \/><\/a><\/p>\n","protected":false},"excerpt":{"rendered":"<p>Gracias Se\u00f1or por tan linda noche, gracias por la lluvia que recibimos, gracias por cada persona que asisti\u00f3 a escuchar tu palabra y gracias por darnos tanto el querer como el hacer para trabajar en Tu obra, gracias por poner m\u00e1s hombres y mujeres a Tu servicio. El tema de hoy fue; &#8220;Los que aman &hellip; <a href=\"http:\/\/damas.laiglesiadelacomunidad.com\/?p=7327\" class=\"more-link\">Continue reading <span class=\"screen-reader-text\">Reuni\u00f3n 12 de Abril del 2015<\/span> <span class=\"meta-nav\">&rarr;<\/span><\/a><\/p>\n","protected":false},"author":2,"featured_media":0,"comment_status":"open","ping_status":"open","sticky":false,"template":"","format":"gallery","meta":{"footnotes":""},"categories":[7],"tags":[],"_links":{"self":[{"href":"http:\/\/damas.laiglesiadelacomunidad.com\/index.php?rest_route=\/wp\/v2\/posts\/7327"}],"collection":[{"href":"http:\/\/damas.laiglesiadelacomunidad.com\/index.php?rest_route=\/wp\/v2\/posts"}],"about":[{"href":"http:\/\/damas.laiglesiadelacomunidad.com\/index.php?rest_route=\/wp\/v2\/types\/post"}],"author":[{"embeddable":true,"href":"http:\/\/damas.laiglesiadelacomunidad.com\/index.php?rest_route=\/wp\/v2\/users\/2"}],"replies":[{"embeddable":true,"href":"http:\/\/damas.laiglesiadelacomunidad.com\/index.php?rest_route=%2Fwp%2Fv2%2Fcomments&post=7327"}],"version-history":[{"count":4,"href":"http:\/\/damas.laiglesiadelacomunidad.com\/index.php?rest_route=\/wp\/v2\/posts\/7327\/revisions"}],"predecessor-version":[{"id":7342,"href":"http:\/\/damas.laiglesiadelacomunidad.com\/index.php?rest_route=\/wp\/v2\/posts\/7327\/revisions\/7342"}],"wp:attachment":[{"href":"http:\/\/damas.laiglesiadelacomunidad.com\/index.php?rest_route=%2Fwp%2Fv2%2Fmedia&parent=7327"}],"wp:term":[{"taxonomy":"category","embeddable":true,"href":"http:\/\/damas.laiglesiadelacomunidad.com\/index.php?rest_route=%2Fwp%2Fv2%2Fcategories&post=7327"},{"taxonomy":"post_tag","embeddable":true,"href":"http:\/\/damas.laiglesiadelacomunidad.com\/index.php?rest_route=%2Fwp%2Fv2%2Ftags&post=7327"}],"curies":[{"name":"wp","href":"https:\/\/api.w.org\/{rel}","templated":true}]}}