{"id":7313,"date":"2015-04-10T12:07:31","date_gmt":"2015-04-10T17:07:31","guid":{"rendered":"http:\/\/damas.laiglesiadelacomunidad.com\/?p=7313"},"modified":"2015-04-10T12:07:31","modified_gmt":"2015-04-10T17:07:31","slug":"estudio-viernes-10-de-abril-2015","status":"publish","type":"post","link":"http:\/\/damas.laiglesiadelacomunidad.com\/?p=7313","title":{"rendered":"Estudio viernes 10 de abril 2015"},"content":{"rendered":"<p>\u00a1El nombre de nuestro Redentor es el Se\u00f1or de los ej\u00e9rcitos, el Santo de Israel!<\/p>\n<p>Pero escucha esto t\u00fa, libertina, que confiadamente reinas y te dices a ti misma \u201cYo soy yo, y fuera de m\u00ed no hay nadie m\u00e1s. Nunca me quedar\u00e9 viuda, ni sabr\u00e9 lo que es la orfandad\u201d: En un mismo d\u00eda te vendr\u00e1n estas dos cosas, orfandad y viudez; y vendr\u00e1n sobre ti con toda su fuerza, a pesar de tus muchos hechizos y encantamientos. \u00bbT\u00fa te atuviste a tu maldad, y pensaste que nadie te ve\u00eda. Tu propia sabidur\u00eda y tu ciencia te enga\u00f1aron al pensar para tus adentros: \u201cYo, y nadie m\u00e1s\u201d.<\/p>\n<p>\u00bbPero t\u00fa sigue con tus muchos hechizos y encantamientos, a los que tanto tiempo has dedicado desde tu juventud; \u00a1tal vez puedas mejorarte, tal vez puedas fortalecerte! Tanto tiempo has dedicado a tus muchas conspiraciones; \u00a1que se presenten ahora esos que contemplan los cielos, esos que observan las estrellas! \u00a1Que te defiendan esos que cuentan los meses! \u00a1Que pronostiquen ahora lo que te va a sobrevenir! \u00bb\u00a1M\u00edralos! \u00a1Son como el tamo, y el fuego los quemar\u00e1! \u00a1No librar\u00e1n su vida del poder de las llamas! \u00a1Esas brasas no son para calentarse, ni su lumbre es para acampar a su alrededor! As\u00ed te tratar\u00e1n aquellos a quienes tanto te entregaste, esos que traficaron contigo desde tu juventud: cada uno se ir\u00e1 por su camino, y no habr\u00e1 nadie que te salve. (\u202dIsa\u00edas\u202c \u202d47\u202c:\u202d4, 8-10, 12-15\u202c RVC)<\/p>\n<p>Gracias Albita por tan excelente estudio.<\/p>\n","protected":false},"excerpt":{"rendered":"<p>\u00a1El nombre de nuestro Redentor es el Se\u00f1or de los ej\u00e9rcitos, el Santo de Israel! Pero escucha esto t\u00fa, libertina, que confiadamente reinas y te dices a ti misma \u201cYo soy yo, y fuera de m\u00ed no hay nadie m\u00e1s. Nunca me quedar\u00e9 viuda, ni sabr\u00e9 lo que es la orfandad\u201d: En un mismo d\u00eda &hellip; <a href=\"http:\/\/damas.laiglesiadelacomunidad.com\/?p=7313\" class=\"more-link\">Continue reading <span class=\"screen-reader-text\">Estudio viernes 10 de abril 2015<\/span> <span class=\"meta-nav\">&rarr;<\/span><\/a><\/p>\n","protected":false},"author":2,"featured_media":0,"comment_status":"open","ping_status":"open","sticky":false,"template":"","format":"gallery","meta":{"footnotes":""},"categories":[6],"tags":[],"_links":{"self":[{"href":"http:\/\/damas.laiglesiadelacomunidad.com\/index.php?rest_route=\/wp\/v2\/posts\/7313"}],"collection":[{"href":"http:\/\/damas.laiglesiadelacomunidad.com\/index.php?rest_route=\/wp\/v2\/posts"}],"about":[{"href":"http:\/\/damas.laiglesiadelacomunidad.com\/index.php?rest_route=\/wp\/v2\/types\/post"}],"author":[{"embeddable":true,"href":"http:\/\/damas.laiglesiadelacomunidad.com\/index.php?rest_route=\/wp\/v2\/users\/2"}],"replies":[{"embeddable":true,"href":"http:\/\/damas.laiglesiadelacomunidad.com\/index.php?rest_route=%2Fwp%2Fv2%2Fcomments&post=7313"}],"version-history":[{"count":1,"href":"http:\/\/damas.laiglesiadelacomunidad.com\/index.php?rest_route=\/wp\/v2\/posts\/7313\/revisions"}],"predecessor-version":[{"id":7314,"href":"http:\/\/damas.laiglesiadelacomunidad.com\/index.php?rest_route=\/wp\/v2\/posts\/7313\/revisions\/7314"}],"wp:attachment":[{"href":"http:\/\/damas.laiglesiadelacomunidad.com\/index.php?rest_route=%2Fwp%2Fv2%2Fmedia&parent=7313"}],"wp:term":[{"taxonomy":"category","embeddable":true,"href":"http:\/\/damas.laiglesiadelacomunidad.com\/index.php?rest_route=%2Fwp%2Fv2%2Fcategories&post=7313"},{"taxonomy":"post_tag","embeddable":true,"href":"http:\/\/damas.laiglesiadelacomunidad.com\/index.php?rest_route=%2Fwp%2Fv2%2Ftags&post=7313"}],"curies":[{"name":"wp","href":"https:\/\/api.w.org\/{rel}","templated":true}]}}