{"id":7308,"date":"2015-04-09T22:34:17","date_gmt":"2015-04-10T03:34:17","guid":{"rendered":"http:\/\/damas.laiglesiadelacomunidad.com\/?p=7308"},"modified":"2015-04-09T22:34:17","modified_gmt":"2015-04-10T03:34:17","slug":"estudio-jueves-9-de-abril","status":"publish","type":"post","link":"http:\/\/damas.laiglesiadelacomunidad.com\/?p=7308","title":{"rendered":"Estudio Jueves 9 de abril\u00a0"},"content":{"rendered":"<p>Entonces Pedro empez\u00f3 a hablar, y dijo: \u00abEn verdad comprendo ahora que Dios no hace acepci\u00f3n de personas, sino que a \u00e9l le agrada todo aquel que le teme y hace justicia, sea de la naci\u00f3n que sea.<\/p>\n<p>Ese mensaje dice que Dios ungi\u00f3 a Jes\u00fas de Nazaret con el Esp\u00edritu Santo y con poder, y que \u00e9l anduvo haciendo el bien y sanando a todos los que estaban oprimidos por el diablo, porque Dios estaba con \u00e9l.<\/p>\n<p>Entonces Pedro dijo: \u00ab\u00bfHay alg\u00fan impedimento para que no sean bautizadas en agua estas personas, que tambi\u00e9n han recibido el Esp\u00edritu Santo, como nosotros?\u00bb Y mand\u00f3 bautizarlos en el nombre del Se\u00f1or Jes\u00fas. Entonces le rogaron que se quedara con ellos algunos d\u00edas m\u00e1s. (\u202dHechos\u202c \u202d10\u202c:\u202d34-35, 38, 47-48\u202c RVC)<\/p>\n<p>Entonces me acord\u00e9 de las palabras del Se\u00f1or, cuando dijo: \u201cCiertamente, Juan bautiz\u00f3 con agua; pero ustedes ser\u00e1n bautizados con el Esp\u00edritu Santo.\u201d Pues si Dios les concedi\u00f3 a ellos el mismo don que a nosotros, que hemos cre\u00eddo en el Se\u00f1or Jesucristo, \u00bfqui\u00e9n soy yo para oponerme a Dios?\u00bb<\/p>\n<p>Y con la ayuda del Se\u00f1or un gran n\u00famero de personas crey\u00f3 y se convirti\u00f3 al Se\u00f1or.<\/p>\n<p>Y cuando \u00e9l lleg\u00f3 y constat\u00f3 la bondad de Dios, se alegr\u00f3 mucho y exhort\u00f3 a todos a permanecer fieles al Se\u00f1or, con todo el fervor de su coraz\u00f3n.<\/p>\n<p>Durante todo un a\u00f1o se congregaron con la iglesia y ense\u00f1aron a mucha gente. Y fue all\u00ed en Antioqu\u00eda en donde a los disc\u00edpulos de Jes\u00fas se les llam\u00f3 cristianos por primera vez. (\u202dHechos\u202c \u202d11\u202c:\u202d16-17, 21, 23, 26\u202c RVC)<\/p>\n","protected":false},"excerpt":{"rendered":"<p>Entonces Pedro empez\u00f3 a hablar, y dijo: \u00abEn verdad comprendo ahora que Dios no hace acepci\u00f3n de personas, sino que a \u00e9l le agrada todo aquel que le teme y hace justicia, sea de la naci\u00f3n que sea. Ese mensaje dice que Dios ungi\u00f3 a Jes\u00fas de Nazaret con el Esp\u00edritu Santo y con poder, &hellip; <a href=\"http:\/\/damas.laiglesiadelacomunidad.com\/?p=7308\" class=\"more-link\">Continue reading <span class=\"screen-reader-text\">Estudio Jueves 9 de abril\u00a0<\/span> <span class=\"meta-nav\">&rarr;<\/span><\/a><\/p>\n","protected":false},"author":2,"featured_media":0,"comment_status":"open","ping_status":"open","sticky":false,"template":"","format":"gallery","meta":{"footnotes":""},"categories":[6],"tags":[],"_links":{"self":[{"href":"http:\/\/damas.laiglesiadelacomunidad.com\/index.php?rest_route=\/wp\/v2\/posts\/7308"}],"collection":[{"href":"http:\/\/damas.laiglesiadelacomunidad.com\/index.php?rest_route=\/wp\/v2\/posts"}],"about":[{"href":"http:\/\/damas.laiglesiadelacomunidad.com\/index.php?rest_route=\/wp\/v2\/types\/post"}],"author":[{"embeddable":true,"href":"http:\/\/damas.laiglesiadelacomunidad.com\/index.php?rest_route=\/wp\/v2\/users\/2"}],"replies":[{"embeddable":true,"href":"http:\/\/damas.laiglesiadelacomunidad.com\/index.php?rest_route=%2Fwp%2Fv2%2Fcomments&post=7308"}],"version-history":[{"count":1,"href":"http:\/\/damas.laiglesiadelacomunidad.com\/index.php?rest_route=\/wp\/v2\/posts\/7308\/revisions"}],"predecessor-version":[{"id":7309,"href":"http:\/\/damas.laiglesiadelacomunidad.com\/index.php?rest_route=\/wp\/v2\/posts\/7308\/revisions\/7309"}],"wp:attachment":[{"href":"http:\/\/damas.laiglesiadelacomunidad.com\/index.php?rest_route=%2Fwp%2Fv2%2Fmedia&parent=7308"}],"wp:term":[{"taxonomy":"category","embeddable":true,"href":"http:\/\/damas.laiglesiadelacomunidad.com\/index.php?rest_route=%2Fwp%2Fv2%2Fcategories&post=7308"},{"taxonomy":"post_tag","embeddable":true,"href":"http:\/\/damas.laiglesiadelacomunidad.com\/index.php?rest_route=%2Fwp%2Fv2%2Ftags&post=7308"}],"curies":[{"name":"wp","href":"https:\/\/api.w.org\/{rel}","templated":true}]}}