{"id":7290,"date":"2015-04-08T11:57:30","date_gmt":"2015-04-08T16:57:30","guid":{"rendered":"http:\/\/damas.laiglesiadelacomunidad.com\/?p=7290"},"modified":"2015-04-08T11:57:30","modified_gmt":"2015-04-08T16:57:30","slug":"los-amistades-verdaderas","status":"publish","type":"post","link":"http:\/\/damas.laiglesiadelacomunidad.com\/?p=7290","title":{"rendered":"Los Amistades Verdaderas :)"},"content":{"rendered":"<p>Proverbios 13:20 NTV<\/p>\n<p>Camina con sabios y te har\u00e1s sabio; j\u00fantate con necios y te meter\u00e1s en dificultades.<\/p>\n<p><a href=\"http:\/\/damas.laiglesiadelacomunidad.com\/wp-content\/uploads\/2015\/04\/wpid-fb_img_1428512014486.jpg\"><img decoding=\"async\" title=\"FB_IMG_1428512014486.jpg\" class=\"alignnone size-full\" alt=\"image\" src=\"http:\/\/damas.laiglesiadelacomunidad.com\/wp-content\/uploads\/2015\/04\/wpid-fb_img_1428512014486.jpg\" \/><\/a><\/p>\n","protected":false},"excerpt":{"rendered":"<p>Proverbios 13:20 NTV Camina con sabios y te har\u00e1s sabio; j\u00fantate con necios y te meter\u00e1s en dificultades.<\/p>\n","protected":false},"author":3,"featured_media":0,"comment_status":"open","ping_status":"open","sticky":false,"template":"","format":"standard","meta":{"footnotes":""},"categories":[1],"tags":[],"_links":{"self":[{"href":"http:\/\/damas.laiglesiadelacomunidad.com\/index.php?rest_route=\/wp\/v2\/posts\/7290"}],"collection":[{"href":"http:\/\/damas.laiglesiadelacomunidad.com\/index.php?rest_route=\/wp\/v2\/posts"}],"about":[{"href":"http:\/\/damas.laiglesiadelacomunidad.com\/index.php?rest_route=\/wp\/v2\/types\/post"}],"author":[{"embeddable":true,"href":"http:\/\/damas.laiglesiadelacomunidad.com\/index.php?rest_route=\/wp\/v2\/users\/3"}],"replies":[{"embeddable":true,"href":"http:\/\/damas.laiglesiadelacomunidad.com\/index.php?rest_route=%2Fwp%2Fv2%2Fcomments&post=7290"}],"version-history":[{"count":1,"href":"http:\/\/damas.laiglesiadelacomunidad.com\/index.php?rest_route=\/wp\/v2\/posts\/7290\/revisions"}],"predecessor-version":[{"id":7291,"href":"http:\/\/damas.laiglesiadelacomunidad.com\/index.php?rest_route=\/wp\/v2\/posts\/7290\/revisions\/7291"}],"wp:attachment":[{"href":"http:\/\/damas.laiglesiadelacomunidad.com\/index.php?rest_route=%2Fwp%2Fv2%2Fmedia&parent=7290"}],"wp:term":[{"taxonomy":"category","embeddable":true,"href":"http:\/\/damas.laiglesiadelacomunidad.com\/index.php?rest_route=%2Fwp%2Fv2%2Fcategories&post=7290"},{"taxonomy":"post_tag","embeddable":true,"href":"http:\/\/damas.laiglesiadelacomunidad.com\/index.php?rest_route=%2Fwp%2Fv2%2Ftags&post=7290"}],"curies":[{"name":"wp","href":"https:\/\/api.w.org\/{rel}","templated":true}]}}