{"id":7001,"date":"2015-03-22T23:26:52","date_gmt":"2015-03-23T04:26:52","guid":{"rendered":"http:\/\/damas.laiglesiadelacomunidad.com\/?p=7001"},"modified":"2015-03-22T23:32:04","modified_gmt":"2015-03-23T04:32:04","slug":"reunion-22-de-marzon-2015","status":"publish","type":"post","link":"http:\/\/damas.laiglesiadelacomunidad.com\/?p=7001","title":{"rendered":"Reuni\u00f3n 22 de Marzo 2015"},"content":{"rendered":"<p>Gracias Se\u00f1or por tan linda noche, gracias por el privilegio que nos das de servirte, adorarte y alabarte como congregaci\u00f3n, gracias a los voluntarios que participaron hoy en el arreglo y en bajar todo, gracias a los m\u00fasicos y las cantantes.<\/p>\n<p>Estamos estudiando las bienaventuranzas, el tema de hoy fue<strong> &#8220;Los misericordiosos&#8221;<\/strong>\u00a0la idea grande de hoy fue:<strong> &#8220;Felices los que tratan a otros mejor de lo que merecen&#8221;\u00a0<\/strong> hemos visto como Jes\u00fas paso a paso nos explica en las bienaventuranzas y como debemos de ser, para algunos cristianos y no cristianos se escucha r\u00eddiculo que cosas &#8220;malas&#8221; sean buenas, pero para Jes\u00fas no es nada r\u00eddiculo es m\u00e1s deberiamos de sentirnos privilegiados porque cuando entregamos nuestra vida a \u00c9l ciertas cosas deber\u00edan de suceder en nuestra vida que nos aseguran que estamos haciendo lo correcto, por ejemplo somos bienaventurados o felices cuando: cuando reconocemos que somos malos, cuando lloramos y nos arrepentimos por nuestra maldad, cuando dejamos de ser el centro de nuestra vida, cuando dejamos de ser nuestros propios jefes, cuando no buscamos la felicidad en este mundo si no en Dios, cuando buscamos servir y no ser servidos. M\u00e1s adelante veremos que cosas que pensamos que son malas, mas bien son una bendici\u00f3n.<\/p>\n<p>La bienvenaventuranza de hoy fue\u00a0<span style=\"color: #ff0000;\">\u00a0\u201cBienaventurados los misericordiosos, pues ellos recibir\u00e1n misericordia. <\/span><span style=\"color: #000000;\">En general como seres humanos tenemos la tentaci\u00f3n de ser egoistas, tenemos la tendenciade tratar a la gente como ellos nos tratan o peor de como nos tratan, en pocas palabras tratamos a las personas sin nada de misericordia. Jes\u00fas no ense\u00f1a lo contrario, nos ense\u00f1a que debemos de tratar a nuestros projimos mejor de lo que ellos merecen, nos ense\u00f1a a tener un coraz\u00f3n compasivo, ni siquiera tenemos que decir que somos misericordiosos con solo el hecho de tratar a la gente mejor de lo que lo merece demostramos gracia y misericordia.<\/span><\/p>\n<p>Jes\u00fas no solo nos llama a dar gracia o misericordia, tambi\u00e9n nos invita a recibirla, nos invita a aceptar a ser perfectos delante de \u00c9l por aceptarlo como nuestro Se\u00f1or y Salvador por arrepentirnos y Bautizarnos \ud83d\ude42 y en cualquier momento podemos recibir su gracia.<\/p>\n<p><span style=\"color: #ff0000;\">\u201cBienaventurados los misericordiosos, pues ellos recibir\u00e1n misericordia.<\/span> Mateo 5:7<\/p>\n<p><strong>Cuando Jes\u00fas desembarc\u00f3, vio una gran multitud, y tuvo compasi\u00f3n de ellos y san\u00f3 a sus enfermos<\/strong> Mateo 14:14<\/p>\n<p><span style=\"color: #ff0000;\">\u201cNo ha de ser as\u00ed entre ustedes, sino que el que entre ustedes quiera llegar a ser grande, ser\u00e1 su servidor, y el que entre ustedes quiera ser el primero, ser\u00e1 su siervo\u037e as\u00ed como el Hijo del Hombre no vino para ser servido, sino para servir y para dar Su vida en rescate por muchos.\u201d\u00a0<span style=\"color: #000000;\">Mateo 20:26-27<\/span><\/span><\/p>\n<p><strong> Porque aunque soy libre de todos, de todos me he hecho esclavo para ganar al mayor n\u00famero posible<\/strong>. 1 Cor. 9:19<\/p>\n<p><strong>Sean, pues, imitadores de Dios como hijos amados\u037e y anden en amor, as\u00ed como tambi\u00e9n Cristo les am\u00f3 y se dio a s\u00ed mismo por nosotros, ofrenda y sacrificio a Dios, como fragante aroma.\u00a0<\/strong>Efesios 5:1-2<\/p>\n<p><strong>Miren cu\u00e1n gran amor nos ha otorgado el Padre: que seamos llamados hijos de Dios. Y eso somos. Por esto el mundo no nos conoce, porque no Lo conoci\u00f3 a El.<\/strong> 1Juan 3:1<\/p>\n<p>Se\u00f1or gracias por el mensaje de hoy y por revelarnos la falta de gracia o misericordia que tenemos para las personas que nos rodean, te pedimos Se\u00f1or que nos llenes de tu misericordia que nos la des en abudancia para que podamos tratar a los dem\u00e1s con mucha compaci\u00f3n, te lo pedimos en nombre de Tu hijo amado, am\u00e9n.<\/p>\n<p>Por favor les pido que oren por los que estan enfermitos, especialmente Raulito.<\/p>\n<p>Que tengan una linda Semana, y que Dios las bendiga ricamente y que las ayude a superar cada prueba por las que se vean sometidas \ud83d\ude42<\/p>\n<p>Jackie C.<\/p>\n<p><a href=\"http:\/\/damas.laiglesiadelacomunidad.com\/?attachment_id=7002\" rel=\"attachment wp-att-7002\"><img loading=\"lazy\" decoding=\"async\" class=\"alignnone size-full wp-image-7002\" src=\"http:\/\/damas.laiglesiadelacomunidad.com\/wp-content\/uploads\/2015\/03\/2015-03-22-22.36.15.jpg\" alt=\"2015-03-22 22.36.15\" width=\"1280\" height=\"720\" srcset=\"http:\/\/damas.laiglesiadelacomunidad.com\/wp-content\/uploads\/2015\/03\/2015-03-22-22.36.15.jpg 1280w, http:\/\/damas.laiglesiadelacomunidad.com\/wp-content\/uploads\/2015\/03\/2015-03-22-22.36.15-300x169.jpg 300w, http:\/\/damas.laiglesiadelacomunidad.com\/wp-content\/uploads\/2015\/03\/2015-03-22-22.36.15-1024x576.jpg 1024w\" sizes=\"(max-width: 1280px) 100vw, 1280px\" \/><\/a> <a href=\"http:\/\/damas.laiglesiadelacomunidad.com\/?attachment_id=7003\" rel=\"attachment wp-att-7003\"><img loading=\"lazy\" decoding=\"async\" class=\"alignnone size-full wp-image-7003\" src=\"http:\/\/damas.laiglesiadelacomunidad.com\/wp-content\/uploads\/2015\/03\/2015-03-22-22.36.26.jpg\" alt=\"2015-03-22 22.36.26\" width=\"1280\" height=\"720\" srcset=\"http:\/\/damas.laiglesiadelacomunidad.com\/wp-content\/uploads\/2015\/03\/2015-03-22-22.36.26.jpg 1280w, http:\/\/damas.laiglesiadelacomunidad.com\/wp-content\/uploads\/2015\/03\/2015-03-22-22.36.26-300x169.jpg 300w, http:\/\/damas.laiglesiadelacomunidad.com\/wp-content\/uploads\/2015\/03\/2015-03-22-22.36.26-1024x576.jpg 1024w\" sizes=\"(max-width: 1280px) 100vw, 1280px\" \/><\/a> <a href=\"http:\/\/damas.laiglesiadelacomunidad.com\/?attachment_id=7004\" rel=\"attachment wp-att-7004\"><img loading=\"lazy\" decoding=\"async\" class=\"alignnone size-full wp-image-7004\" src=\"http:\/\/damas.laiglesiadelacomunidad.com\/wp-content\/uploads\/2015\/03\/2015-03-22-22.36.36.jpg\" alt=\"2015-03-22 22.36.36\" width=\"720\" height=\"1280\" srcset=\"http:\/\/damas.laiglesiadelacomunidad.com\/wp-content\/uploads\/2015\/03\/2015-03-22-22.36.36.jpg 720w, http:\/\/damas.laiglesiadelacomunidad.com\/wp-content\/uploads\/2015\/03\/2015-03-22-22.36.36-169x300.jpg 169w, http:\/\/damas.laiglesiadelacomunidad.com\/wp-content\/uploads\/2015\/03\/2015-03-22-22.36.36-576x1024.jpg 576w\" sizes=\"(max-width: 720px) 100vw, 720px\" \/><\/a> <a href=\"http:\/\/damas.laiglesiadelacomunidad.com\/?attachment_id=7005\" rel=\"attachment wp-att-7005\"><img loading=\"lazy\" decoding=\"async\" class=\"alignnone size-full wp-image-7005\" src=\"http:\/\/damas.laiglesiadelacomunidad.com\/wp-content\/uploads\/2015\/03\/2015-03-22-22.36.46.jpg\" alt=\"2015-03-22 22.36.46\" width=\"852\" height=\"640\" srcset=\"http:\/\/damas.laiglesiadelacomunidad.com\/wp-content\/uploads\/2015\/03\/2015-03-22-22.36.46.jpg 852w, http:\/\/damas.laiglesiadelacomunidad.com\/wp-content\/uploads\/2015\/03\/2015-03-22-22.36.46-300x225.jpg 300w\" sizes=\"(max-width: 852px) 100vw, 852px\" \/><\/a> <a href=\"http:\/\/damas.laiglesiadelacomunidad.com\/?attachment_id=7006\" rel=\"attachment wp-att-7006\"><img loading=\"lazy\" decoding=\"async\" class=\"alignnone size-full wp-image-7006\" src=\"http:\/\/damas.laiglesiadelacomunidad.com\/wp-content\/uploads\/2015\/03\/2015-03-22-22.36.54.jpg\" alt=\"2015-03-22 22.36.54\" width=\"1280\" height=\"960\" srcset=\"http:\/\/damas.laiglesiadelacomunidad.com\/wp-content\/uploads\/2015\/03\/2015-03-22-22.36.54.jpg 1280w, http:\/\/damas.laiglesiadelacomunidad.com\/wp-content\/uploads\/2015\/03\/2015-03-22-22.36.54-300x225.jpg 300w, http:\/\/damas.laiglesiadelacomunidad.com\/wp-content\/uploads\/2015\/03\/2015-03-22-22.36.54-1024x768.jpg 1024w\" sizes=\"(max-width: 1280px) 100vw, 1280px\" \/><\/a> <a href=\"http:\/\/damas.laiglesiadelacomunidad.com\/?attachment_id=7007\" rel=\"attachment wp-att-7007\"><img loading=\"lazy\" decoding=\"async\" class=\"alignnone size-full wp-image-7007\" src=\"http:\/\/damas.laiglesiadelacomunidad.com\/wp-content\/uploads\/2015\/03\/2015-03-22-22.37.02.jpg\" alt=\"2015-03-22 22.37.02\" width=\"640\" height=\"852\" srcset=\"http:\/\/damas.laiglesiadelacomunidad.com\/wp-content\/uploads\/2015\/03\/2015-03-22-22.37.02.jpg 640w, http:\/\/damas.laiglesiadelacomunidad.com\/wp-content\/uploads\/2015\/03\/2015-03-22-22.37.02-225x300.jpg 225w\" sizes=\"(max-width: 640px) 100vw, 640px\" \/><\/a> <a href=\"http:\/\/damas.laiglesiadelacomunidad.com\/?attachment_id=7008\" rel=\"attachment wp-att-7008\"><img loading=\"lazy\" decoding=\"async\" class=\"alignnone size-full wp-image-7008\" src=\"http:\/\/damas.laiglesiadelacomunidad.com\/wp-content\/uploads\/2015\/03\/2015-03-22-22.37.05.jpg\" alt=\"2015-03-22 22.37.05\" width=\"640\" height=\"852\" srcset=\"http:\/\/damas.laiglesiadelacomunidad.com\/wp-content\/uploads\/2015\/03\/2015-03-22-22.37.05.jpg 640w, http:\/\/damas.laiglesiadelacomunidad.com\/wp-content\/uploads\/2015\/03\/2015-03-22-22.37.05-225x300.jpg 225w\" sizes=\"(max-width: 640px) 100vw, 640px\" \/><\/a> <a href=\"http:\/\/damas.laiglesiadelacomunidad.com\/?attachment_id=7009\" rel=\"attachment wp-att-7009\"><img loading=\"lazy\" decoding=\"async\" class=\"alignnone size-full wp-image-7009\" src=\"http:\/\/damas.laiglesiadelacomunidad.com\/wp-content\/uploads\/2015\/03\/2015-03-22-22.37.09.jpg\" alt=\"2015-03-22 22.37.09\" width=\"1280\" height=\"960\" srcset=\"http:\/\/damas.laiglesiadelacomunidad.com\/wp-content\/uploads\/2015\/03\/2015-03-22-22.37.09.jpg 1280w, http:\/\/damas.laiglesiadelacomunidad.com\/wp-content\/uploads\/2015\/03\/2015-03-22-22.37.09-300x225.jpg 300w, http:\/\/damas.laiglesiadelacomunidad.com\/wp-content\/uploads\/2015\/03\/2015-03-22-22.37.09-1024x768.jpg 1024w\" sizes=\"(max-width: 1280px) 100vw, 1280px\" \/><\/a> <a href=\"http:\/\/damas.laiglesiadelacomunidad.com\/?attachment_id=7010\" rel=\"attachment wp-att-7010\"><img loading=\"lazy\" decoding=\"async\" class=\"alignnone size-full wp-image-7010\" src=\"http:\/\/damas.laiglesiadelacomunidad.com\/wp-content\/uploads\/2015\/03\/2015-03-22-22.37.13.jpg\" alt=\"2015-03-22 22.37.13\" width=\"960\" height=\"1280\" srcset=\"http:\/\/damas.laiglesiadelacomunidad.com\/wp-content\/uploads\/2015\/03\/2015-03-22-22.37.13.jpg 960w, http:\/\/damas.laiglesiadelacomunidad.com\/wp-content\/uploads\/2015\/03\/2015-03-22-22.37.13-225x300.jpg 225w, http:\/\/damas.laiglesiadelacomunidad.com\/wp-content\/uploads\/2015\/03\/2015-03-22-22.37.13-768x1024.jpg 768w\" sizes=\"(max-width: 960px) 100vw, 960px\" \/><\/a><\/p>\n","protected":false},"excerpt":{"rendered":"<p>Gracias Se\u00f1or por tan linda noche, gracias por el privilegio que nos das de servirte, adorarte y alabarte como congregaci\u00f3n, gracias a los voluntarios que participaron hoy en el arreglo y en bajar todo, gracias a los m\u00fasicos y las cantantes. Estamos estudiando las bienaventuranzas, el tema de hoy fue &#8220;Los misericordiosos&#8221;\u00a0la idea grande de &hellip; <a href=\"http:\/\/damas.laiglesiadelacomunidad.com\/?p=7001\" class=\"more-link\">Continue reading <span class=\"screen-reader-text\">Reuni\u00f3n 22 de Marzo 2015<\/span> <span class=\"meta-nav\">&rarr;<\/span><\/a><\/p>\n","protected":false},"author":2,"featured_media":0,"comment_status":"open","ping_status":"open","sticky":false,"template":"","format":"gallery","meta":{"footnotes":""},"categories":[7],"tags":[],"_links":{"self":[{"href":"http:\/\/damas.laiglesiadelacomunidad.com\/index.php?rest_route=\/wp\/v2\/posts\/7001"}],"collection":[{"href":"http:\/\/damas.laiglesiadelacomunidad.com\/index.php?rest_route=\/wp\/v2\/posts"}],"about":[{"href":"http:\/\/damas.laiglesiadelacomunidad.com\/index.php?rest_route=\/wp\/v2\/types\/post"}],"author":[{"embeddable":true,"href":"http:\/\/damas.laiglesiadelacomunidad.com\/index.php?rest_route=\/wp\/v2\/users\/2"}],"replies":[{"embeddable":true,"href":"http:\/\/damas.laiglesiadelacomunidad.com\/index.php?rest_route=%2Fwp%2Fv2%2Fcomments&post=7001"}],"version-history":[{"count":4,"href":"http:\/\/damas.laiglesiadelacomunidad.com\/index.php?rest_route=\/wp\/v2\/posts\/7001\/revisions"}],"predecessor-version":[{"id":7014,"href":"http:\/\/damas.laiglesiadelacomunidad.com\/index.php?rest_route=\/wp\/v2\/posts\/7001\/revisions\/7014"}],"wp:attachment":[{"href":"http:\/\/damas.laiglesiadelacomunidad.com\/index.php?rest_route=%2Fwp%2Fv2%2Fmedia&parent=7001"}],"wp:term":[{"taxonomy":"category","embeddable":true,"href":"http:\/\/damas.laiglesiadelacomunidad.com\/index.php?rest_route=%2Fwp%2Fv2%2Fcategories&post=7001"},{"taxonomy":"post_tag","embeddable":true,"href":"http:\/\/damas.laiglesiadelacomunidad.com\/index.php?rest_route=%2Fwp%2Fv2%2Ftags&post=7001"}],"curies":[{"name":"wp","href":"https:\/\/api.w.org\/{rel}","templated":true}]}}