{"id":6943,"date":"2015-03-18T07:30:34","date_gmt":"2015-03-18T12:30:34","guid":{"rendered":"http:\/\/damas.laiglesiadelacomunidad.com\/?p=6943"},"modified":"2015-03-17T23:32:49","modified_gmt":"2015-03-18T04:32:49","slug":"versiculos-para-meditar-116","status":"publish","type":"post","link":"http:\/\/damas.laiglesiadelacomunidad.com\/?p=6943","title":{"rendered":"Vers\u00edculos para Meditar\u00a0"},"content":{"rendered":"<p>Pero ustedes, amados, acu\u00e9rdense de las palabras que antes fueron dichas por los ap\u00f3stoles de nuestro Se\u00f1or Jesucristo, quienes les dec\u00edan: &#8220;En los \u00faltimos tiempos habr\u00e1 burladores que ir\u00e1n tras sus propias pasiones imp\u00edas.&#8221; Estos son los que causan divisiones. Son individuos mundanos que no tienen el Esp\u00edritu. (\u202dJudas\u202c \u202d1\u202c:\u202d17-19\u202c NBLH)<\/p>\n","protected":false},"excerpt":{"rendered":"<p>Pero ustedes, amados, acu\u00e9rdense de las palabras que antes fueron dichas por los ap\u00f3stoles de nuestro Se\u00f1or Jesucristo, quienes les dec\u00edan: &#8220;En los \u00faltimos tiempos habr\u00e1 burladores que ir\u00e1n tras sus propias pasiones imp\u00edas.&#8221; Estos son los que causan divisiones. Son individuos mundanos que no tienen el Esp\u00edritu. (\u202dJudas\u202c \u202d1\u202c:\u202d17-19\u202c NBLH)<\/p>\n","protected":false},"author":2,"featured_media":0,"comment_status":"open","ping_status":"open","sticky":false,"template":"","format":"chat","meta":{"footnotes":""},"categories":[5],"tags":[],"_links":{"self":[{"href":"http:\/\/damas.laiglesiadelacomunidad.com\/index.php?rest_route=\/wp\/v2\/posts\/6943"}],"collection":[{"href":"http:\/\/damas.laiglesiadelacomunidad.com\/index.php?rest_route=\/wp\/v2\/posts"}],"about":[{"href":"http:\/\/damas.laiglesiadelacomunidad.com\/index.php?rest_route=\/wp\/v2\/types\/post"}],"author":[{"embeddable":true,"href":"http:\/\/damas.laiglesiadelacomunidad.com\/index.php?rest_route=\/wp\/v2\/users\/2"}],"replies":[{"embeddable":true,"href":"http:\/\/damas.laiglesiadelacomunidad.com\/index.php?rest_route=%2Fwp%2Fv2%2Fcomments&post=6943"}],"version-history":[{"count":1,"href":"http:\/\/damas.laiglesiadelacomunidad.com\/index.php?rest_route=\/wp\/v2\/posts\/6943\/revisions"}],"predecessor-version":[{"id":6944,"href":"http:\/\/damas.laiglesiadelacomunidad.com\/index.php?rest_route=\/wp\/v2\/posts\/6943\/revisions\/6944"}],"wp:attachment":[{"href":"http:\/\/damas.laiglesiadelacomunidad.com\/index.php?rest_route=%2Fwp%2Fv2%2Fmedia&parent=6943"}],"wp:term":[{"taxonomy":"category","embeddable":true,"href":"http:\/\/damas.laiglesiadelacomunidad.com\/index.php?rest_route=%2Fwp%2Fv2%2Fcategories&post=6943"},{"taxonomy":"post_tag","embeddable":true,"href":"http:\/\/damas.laiglesiadelacomunidad.com\/index.php?rest_route=%2Fwp%2Fv2%2Ftags&post=6943"}],"curies":[{"name":"wp","href":"https:\/\/api.w.org\/{rel}","templated":true}]}}