{"id":6939,"date":"2015-03-17T07:30:02","date_gmt":"2015-03-17T12:30:02","guid":{"rendered":"http:\/\/damas.laiglesiadelacomunidad.com\/?p=6939"},"modified":"2015-03-17T00:41:16","modified_gmt":"2015-03-17T05:41:16","slug":"versiculos-para-meditar-115","status":"publish","type":"post","link":"http:\/\/damas.laiglesiadelacomunidad.com\/?p=6939","title":{"rendered":"Vers\u00edculos para Meditar\u00a0"},"content":{"rendered":"<p>Amados hermanos, yo he tenido un gran deseo de escribirles acerca de la salvaci\u00f3n que tenemos en com\u00fan, pero ahora me encuentro en la necesidad de escribirles para rogarles que luchen ardientemente por la fe que una vez fue dada a los santos, pues por medio de enga\u00f1os se han infiltrado entre ustedes algunos malvados. \u00c9stos, que desde antes hab\u00edan sido destinados a la condenaci\u00f3n, convierten la gracia de nuestro Dios en libertinaje y niegan a Jesucristo, nuestro \u00fanico Soberano y Se\u00f1or. (\u202dJudas\u202c \u202d1\u202c:\u202d3-4\u202c RVC)<\/p>\n","protected":false},"excerpt":{"rendered":"<p>Amados hermanos, yo he tenido un gran deseo de escribirles acerca de la salvaci\u00f3n que tenemos en com\u00fan, pero ahora me encuentro en la necesidad de escribirles para rogarles que luchen ardientemente por la fe que una vez fue dada a los santos, pues por medio de enga\u00f1os se han infiltrado entre ustedes algunos malvados. &hellip; <a href=\"http:\/\/damas.laiglesiadelacomunidad.com\/?p=6939\" class=\"more-link\">Continue reading <span class=\"screen-reader-text\">Vers\u00edculos para Meditar\u00a0<\/span> <span class=\"meta-nav\">&rarr;<\/span><\/a><\/p>\n","protected":false},"author":2,"featured_media":0,"comment_status":"open","ping_status":"open","sticky":false,"template":"","format":"chat","meta":{"footnotes":""},"categories":[5],"tags":[],"_links":{"self":[{"href":"http:\/\/damas.laiglesiadelacomunidad.com\/index.php?rest_route=\/wp\/v2\/posts\/6939"}],"collection":[{"href":"http:\/\/damas.laiglesiadelacomunidad.com\/index.php?rest_route=\/wp\/v2\/posts"}],"about":[{"href":"http:\/\/damas.laiglesiadelacomunidad.com\/index.php?rest_route=\/wp\/v2\/types\/post"}],"author":[{"embeddable":true,"href":"http:\/\/damas.laiglesiadelacomunidad.com\/index.php?rest_route=\/wp\/v2\/users\/2"}],"replies":[{"embeddable":true,"href":"http:\/\/damas.laiglesiadelacomunidad.com\/index.php?rest_route=%2Fwp%2Fv2%2Fcomments&post=6939"}],"version-history":[{"count":1,"href":"http:\/\/damas.laiglesiadelacomunidad.com\/index.php?rest_route=\/wp\/v2\/posts\/6939\/revisions"}],"predecessor-version":[{"id":6940,"href":"http:\/\/damas.laiglesiadelacomunidad.com\/index.php?rest_route=\/wp\/v2\/posts\/6939\/revisions\/6940"}],"wp:attachment":[{"href":"http:\/\/damas.laiglesiadelacomunidad.com\/index.php?rest_route=%2Fwp%2Fv2%2Fmedia&parent=6939"}],"wp:term":[{"taxonomy":"category","embeddable":true,"href":"http:\/\/damas.laiglesiadelacomunidad.com\/index.php?rest_route=%2Fwp%2Fv2%2Fcategories&post=6939"},{"taxonomy":"post_tag","embeddable":true,"href":"http:\/\/damas.laiglesiadelacomunidad.com\/index.php?rest_route=%2Fwp%2Fv2%2Ftags&post=6939"}],"curies":[{"name":"wp","href":"https:\/\/api.w.org\/{rel}","templated":true}]}}