{"id":6913,"date":"2015-03-15T11:59:06","date_gmt":"2015-03-15T16:59:06","guid":{"rendered":"http:\/\/damas.laiglesiadelacomunidad.com\/?p=6913"},"modified":"2015-03-15T11:59:06","modified_gmt":"2015-03-15T16:59:06","slug":"versiculos-para-meditar-114","status":"publish","type":"post","link":"http:\/\/damas.laiglesiadelacomunidad.com\/?p=6913","title":{"rendered":"Vers\u00edculos para Meditar\u00a0"},"content":{"rendered":"<p>As\u00ed como ustedes fueron llamados a una sola esperanza, hay tambi\u00e9n un cuerpo y un Esp\u00edritu, un Se\u00f1or, una fe, un bautismo, y un Dios y Padre de todos, el cual est\u00e1 por encima de todos, act\u00faa por medio de todos, y est\u00e1 en todos. Pero a cada uno de nosotros se nos ha dado la gracia conforme a la medida del don de Cristo. (\u202dEfesios\u202c \u202d4\u202c:\u202d4-7\u202c RVC)<\/p>\n","protected":false},"excerpt":{"rendered":"<p>As\u00ed como ustedes fueron llamados a una sola esperanza, hay tambi\u00e9n un cuerpo y un Esp\u00edritu, un Se\u00f1or, una fe, un bautismo, y un Dios y Padre de todos, el cual est\u00e1 por encima de todos, act\u00faa por medio de todos, y est\u00e1 en todos. Pero a cada uno de nosotros se nos ha dado &hellip; <a href=\"http:\/\/damas.laiglesiadelacomunidad.com\/?p=6913\" class=\"more-link\">Continue reading <span class=\"screen-reader-text\">Vers\u00edculos para Meditar\u00a0<\/span> <span class=\"meta-nav\">&rarr;<\/span><\/a><\/p>\n","protected":false},"author":2,"featured_media":0,"comment_status":"open","ping_status":"open","sticky":false,"template":"","format":"chat","meta":{"footnotes":""},"categories":[5],"tags":[],"_links":{"self":[{"href":"http:\/\/damas.laiglesiadelacomunidad.com\/index.php?rest_route=\/wp\/v2\/posts\/6913"}],"collection":[{"href":"http:\/\/damas.laiglesiadelacomunidad.com\/index.php?rest_route=\/wp\/v2\/posts"}],"about":[{"href":"http:\/\/damas.laiglesiadelacomunidad.com\/index.php?rest_route=\/wp\/v2\/types\/post"}],"author":[{"embeddable":true,"href":"http:\/\/damas.laiglesiadelacomunidad.com\/index.php?rest_route=\/wp\/v2\/users\/2"}],"replies":[{"embeddable":true,"href":"http:\/\/damas.laiglesiadelacomunidad.com\/index.php?rest_route=%2Fwp%2Fv2%2Fcomments&post=6913"}],"version-history":[{"count":1,"href":"http:\/\/damas.laiglesiadelacomunidad.com\/index.php?rest_route=\/wp\/v2\/posts\/6913\/revisions"}],"predecessor-version":[{"id":6914,"href":"http:\/\/damas.laiglesiadelacomunidad.com\/index.php?rest_route=\/wp\/v2\/posts\/6913\/revisions\/6914"}],"wp:attachment":[{"href":"http:\/\/damas.laiglesiadelacomunidad.com\/index.php?rest_route=%2Fwp%2Fv2%2Fmedia&parent=6913"}],"wp:term":[{"taxonomy":"category","embeddable":true,"href":"http:\/\/damas.laiglesiadelacomunidad.com\/index.php?rest_route=%2Fwp%2Fv2%2Fcategories&post=6913"},{"taxonomy":"post_tag","embeddable":true,"href":"http:\/\/damas.laiglesiadelacomunidad.com\/index.php?rest_route=%2Fwp%2Fv2%2Ftags&post=6913"}],"curies":[{"name":"wp","href":"https:\/\/api.w.org\/{rel}","templated":true}]}}