{"id":6904,"date":"2015-03-13T10:21:51","date_gmt":"2015-03-13T15:21:51","guid":{"rendered":"http:\/\/damas.laiglesiadelacomunidad.com\/?p=6904"},"modified":"2015-03-13T12:58:57","modified_gmt":"2015-03-13T17:58:57","slug":"estudio-viernes-13-de-marzo-2015","status":"publish","type":"post","link":"http:\/\/damas.laiglesiadelacomunidad.com\/?p=6904","title":{"rendered":"Estudio viernes 13 de marzo 2015"},"content":{"rendered":"<p>Yo soy el Se\u00f1or, tu Dios, el Santo de Israel, tu salvador; yo he entregado a Egipto como precio por tu rescate, a Cus y a Seba en tu lugar. A cambio de ti entregar\u00e9 hombres; \u00a1a cambio de tu vida entregar\u00e9 pueblos! Porque te amo y eres ante mis ojos precioso y digno de honra. No temas, porque yo estoy contigo; desde el oriente traer\u00e9 a tu descendencia, desde el occidente te reunir\u00e9.<\/p>\n<p>Trae a todo el que sea llamado por mi nombre, al que yo he creado para mi gloria, al que yo hice y form\u00e9.\u201d \u00bb<\/p>\n<p>\u00abUstedes son mis testigos \u2014afirma el Se\u00f1or \u2014, son mis siervos escogidos, para que me conozcan y crean en m\u00ed, y entiendan que yo soy. Antes de m\u00ed no hubo ning\u00fan otro dios, ni habr\u00e1 ninguno despu\u00e9s de m\u00ed. Yo, yo soy el Se\u00f1or, fuera de m\u00ed no hay ning\u00fan otro salvador. Yo he anunciado, salvado y proclamado; yo entre ustedes, y no un dios extra\u00f1o. Ustedes son mis testigos \u2014afirma el Se\u00f1or \u2014, y yo soy Dios. Desde los tiempos antiguos, yo soy. No hay quien pueda librar de mi mano. Lo que yo hago, nadie puede desbaratarlo.\u00bb<\/p>\n<p>\u00bbYo soy el que por amor a m\u00ed mismo borra tus transgresiones y no se acuerda m\u00e1s de tus pecados. \u00a1Hazme recordar! Present\u00e9monos a juicio; plantea el argumento de tu inocencia. Tu primer antepasado pec\u00f3; tus voceros se rebelaron contra m\u00ed. Por eso humill\u00e9 a las autoridades del templo; entregu\u00e9 a Jacob a la destrucci\u00f3n total, entregu\u00e9 a Israel al menosprecio. (\u202dIsa\u00edas\u202c \u202d43\u202c:\u202d3-5, 7, 10-13, 25-28\u202c NVI)<\/p>\n","protected":false},"excerpt":{"rendered":"<p>Yo soy el Se\u00f1or, tu Dios, el Santo de Israel, tu salvador; yo he entregado a Egipto como precio por tu rescate, a Cus y a Seba en tu lugar. A cambio de ti entregar\u00e9 hombres; \u00a1a cambio de tu vida entregar\u00e9 pueblos! Porque te amo y eres ante mis ojos precioso y digno de &hellip; <a href=\"http:\/\/damas.laiglesiadelacomunidad.com\/?p=6904\" class=\"more-link\">Continue reading <span class=\"screen-reader-text\">Estudio viernes 13 de marzo 2015<\/span> <span class=\"meta-nav\">&rarr;<\/span><\/a><\/p>\n","protected":false},"author":2,"featured_media":0,"comment_status":"open","ping_status":"open","sticky":false,"template":"","format":"gallery","meta":{"footnotes":""},"categories":[6],"tags":[],"_links":{"self":[{"href":"http:\/\/damas.laiglesiadelacomunidad.com\/index.php?rest_route=\/wp\/v2\/posts\/6904"}],"collection":[{"href":"http:\/\/damas.laiglesiadelacomunidad.com\/index.php?rest_route=\/wp\/v2\/posts"}],"about":[{"href":"http:\/\/damas.laiglesiadelacomunidad.com\/index.php?rest_route=\/wp\/v2\/types\/post"}],"author":[{"embeddable":true,"href":"http:\/\/damas.laiglesiadelacomunidad.com\/index.php?rest_route=\/wp\/v2\/users\/2"}],"replies":[{"embeddable":true,"href":"http:\/\/damas.laiglesiadelacomunidad.com\/index.php?rest_route=%2Fwp%2Fv2%2Fcomments&post=6904"}],"version-history":[{"count":2,"href":"http:\/\/damas.laiglesiadelacomunidad.com\/index.php?rest_route=\/wp\/v2\/posts\/6904\/revisions"}],"predecessor-version":[{"id":6906,"href":"http:\/\/damas.laiglesiadelacomunidad.com\/index.php?rest_route=\/wp\/v2\/posts\/6904\/revisions\/6906"}],"wp:attachment":[{"href":"http:\/\/damas.laiglesiadelacomunidad.com\/index.php?rest_route=%2Fwp%2Fv2%2Fmedia&parent=6904"}],"wp:term":[{"taxonomy":"category","embeddable":true,"href":"http:\/\/damas.laiglesiadelacomunidad.com\/index.php?rest_route=%2Fwp%2Fv2%2Fcategories&post=6904"},{"taxonomy":"post_tag","embeddable":true,"href":"http:\/\/damas.laiglesiadelacomunidad.com\/index.php?rest_route=%2Fwp%2Fv2%2Ftags&post=6904"}],"curies":[{"name":"wp","href":"https:\/\/api.w.org\/{rel}","templated":true}]}}