{"id":6901,"date":"2015-03-12T20:15:11","date_gmt":"2015-03-13T01:15:11","guid":{"rendered":"http:\/\/damas.laiglesiadelacomunidad.com\/?p=6901"},"modified":"2015-03-12T20:20:27","modified_gmt":"2015-03-13T01:20:27","slug":"estudio-jueves-12-de-marzo-2015","status":"publish","type":"post","link":"http:\/\/damas.laiglesiadelacomunidad.com\/?p=6901","title":{"rendered":"Estudio Jueves 12 de Marzo 2015"},"content":{"rendered":"<p>Pero en la noche un \u00e1ngel del Se\u00f1or lleg\u00f3 y abri\u00f3 las puertas de la c\u00e1rcel. Cuando ellos salieron, el \u00e1ngel les dijo: \u00abVayan al templo y anuncien al pueblo todas las ense\u00f1anzas acerca de esta vida.\u00bb<\/p>\n<p>Cuando los llevaron y los presentaron ante el concilio, el sumo sacerdote les dijo: \u00ab\u00bfAcaso no les dimos \u00f3rdenes estrictas de no ense\u00f1ar en ese nombre? Ahora han llenado a Jerusal\u00e9n de su doctrina, y quieren culparnos de la muerte de ese hombre.\u00bb Pedro y los ap\u00f3stoles respondieron: \u00abEs necesario obedecer a Dios antes que a los hombres. El Dios de nuestros antepasados resucit\u00f3 a Jes\u00fas, el mismo al que ustedes mataron y colgaron de un madero. Pero Dios, por su poder, lo ha exaltado y sentado a su derecha como Pr\u00edncipe y Salvador, dando a Israel la oportunidad de arrepentirse y de que sean perdonados sus pecados. De esto somos testigos nosotros, y tambi\u00e9n el Esp\u00edritu Santo, que Dios ha dado a quienes lo obedecen.\u00bb<\/p>\n<p>pero si es de Dios, no lo podr\u00e1n destruir. \u00a1No vaya a ser que ustedes se encuentren luchando contra Dios!\u00bb Todos estuvieron de acuerdo con \u00e9l, as\u00ed que llamaron a los ap\u00f3stoles y, despu\u00e9s de azotarlos, les advirtieron que no siguieran hablando en el nombre de Jes\u00fas y los pusieron en libertad. Los ap\u00f3stoles salieron del concilio felices de haber sido dignos de sufrir por causa del Nombre. Y todos los d\u00edas, no dejaban de ense\u00f1ar y de anunciar en el templo y por las casas las buenas noticias acerca de Cristo Jes\u00fas. (\u202dHechos\u202c \u202d5\u202c:\u202d19-20, 27-32, 39-42\u202c RVC)<\/p>\n<p><img decoding=\"async\" src=\"http:\/\/damas.laiglesiadelacomunidad.com\/wp-content\/uploads\/2015\/03\/IMG_0936.jpg\" alt=\"\" \/><\/p>\n<p><img decoding=\"async\" src=\"http:\/\/damas.laiglesiadelacomunidad.com\/wp-content\/uploads\/2015\/03\/IMG_0935.jpg\" alt=\"\" \/><\/p>\n<p><img decoding=\"async\" src=\"http:\/\/damas.laiglesiadelacomunidad.com\/wp-content\/uploads\/2015\/03\/IMG_0934.jpg\" alt=\"\" \/><\/p>\n<p><img decoding=\"async\" src=\"http:\/\/damas.laiglesiadelacomunidad.com\/wp-content\/uploads\/2015\/03\/IMG_0933.jpg\" alt=\"\" \/><\/p>\n<p><img decoding=\"async\" src=\"http:\/\/damas.laiglesiadelacomunidad.com\/wp-content\/uploads\/2015\/03\/IMG_0932.jpg\" alt=\"\" \/><\/p>\n","protected":false},"excerpt":{"rendered":"<p>Pero en la noche un \u00e1ngel del Se\u00f1or lleg\u00f3 y abri\u00f3 las puertas de la c\u00e1rcel. Cuando ellos salieron, el \u00e1ngel les dijo: \u00abVayan al templo y anuncien al pueblo todas las ense\u00f1anzas acerca de esta vida.\u00bb Cuando los llevaron y los presentaron ante el concilio, el sumo sacerdote les dijo: \u00ab\u00bfAcaso no les dimos &hellip; <a href=\"http:\/\/damas.laiglesiadelacomunidad.com\/?p=6901\" class=\"more-link\">Continue reading <span class=\"screen-reader-text\">Estudio Jueves 12 de Marzo 2015<\/span> <span class=\"meta-nav\">&rarr;<\/span><\/a><\/p>\n","protected":false},"author":2,"featured_media":0,"comment_status":"open","ping_status":"open","sticky":false,"template":"","format":"gallery","meta":{"footnotes":""},"categories":[6],"tags":[],"_links":{"self":[{"href":"http:\/\/damas.laiglesiadelacomunidad.com\/index.php?rest_route=\/wp\/v2\/posts\/6901"}],"collection":[{"href":"http:\/\/damas.laiglesiadelacomunidad.com\/index.php?rest_route=\/wp\/v2\/posts"}],"about":[{"href":"http:\/\/damas.laiglesiadelacomunidad.com\/index.php?rest_route=\/wp\/v2\/types\/post"}],"author":[{"embeddable":true,"href":"http:\/\/damas.laiglesiadelacomunidad.com\/index.php?rest_route=\/wp\/v2\/users\/2"}],"replies":[{"embeddable":true,"href":"http:\/\/damas.laiglesiadelacomunidad.com\/index.php?rest_route=%2Fwp%2Fv2%2Fcomments&post=6901"}],"version-history":[{"count":2,"href":"http:\/\/damas.laiglesiadelacomunidad.com\/index.php?rest_route=\/wp\/v2\/posts\/6901\/revisions"}],"predecessor-version":[{"id":6903,"href":"http:\/\/damas.laiglesiadelacomunidad.com\/index.php?rest_route=\/wp\/v2\/posts\/6901\/revisions\/6903"}],"wp:attachment":[{"href":"http:\/\/damas.laiglesiadelacomunidad.com\/index.php?rest_route=%2Fwp%2Fv2%2Fmedia&parent=6901"}],"wp:term":[{"taxonomy":"category","embeddable":true,"href":"http:\/\/damas.laiglesiadelacomunidad.com\/index.php?rest_route=%2Fwp%2Fv2%2Fcategories&post=6901"},{"taxonomy":"post_tag","embeddable":true,"href":"http:\/\/damas.laiglesiadelacomunidad.com\/index.php?rest_route=%2Fwp%2Fv2%2Ftags&post=6901"}],"curies":[{"name":"wp","href":"https:\/\/api.w.org\/{rel}","templated":true}]}}