{"id":6894,"date":"2015-03-12T09:15:24","date_gmt":"2015-03-12T14:15:24","guid":{"rendered":"http:\/\/damas.laiglesiadelacomunidad.com\/?p=6894"},"modified":"2015-03-12T00:16:38","modified_gmt":"2015-03-12T05:16:38","slug":"versiculos-para-meditar-113","status":"publish","type":"post","link":"http:\/\/damas.laiglesiadelacomunidad.com\/?p=6894","title":{"rendered":"Vers\u00edculos para Meditar\u00a0"},"content":{"rendered":"<p>Pero les ruego, hermanos, que se cuiden de los que causan divisiones y tropiezos en contra de la ense\u00f1anza que ustedes han recibido, y que se aparten de ellos. Porque tales personas no sirven a nuestro Se\u00f1or Jesucristo, sino a su propio vientre, y con palabras suaves y lisonjeras enga\u00f1an al coraz\u00f3n de los ingenuos. La obediencia de ustedes ha llegado a ser bien conocida por todos, lo que me llena de alegr\u00eda por ustedes; pero quiero que sean sabios para el bien, e ingenuos para el mal. Muy pronto el Dios de paz aplastar\u00e1 a Satan\u00e1s bajo los pies de ustedes. Que la gracia de nuestro Se\u00f1or Jesucristo sea con ustedes. (\u202dRomanos\u202c \u202d16\u202c:\u202d17-20\u202c RVC)<\/p>\n","protected":false},"excerpt":{"rendered":"<p>Pero les ruego, hermanos, que se cuiden de los que causan divisiones y tropiezos en contra de la ense\u00f1anza que ustedes han recibido, y que se aparten de ellos. Porque tales personas no sirven a nuestro Se\u00f1or Jesucristo, sino a su propio vientre, y con palabras suaves y lisonjeras enga\u00f1an al coraz\u00f3n de los ingenuos. &hellip; <a href=\"http:\/\/damas.laiglesiadelacomunidad.com\/?p=6894\" class=\"more-link\">Continue reading <span class=\"screen-reader-text\">Vers\u00edculos para Meditar\u00a0<\/span> <span class=\"meta-nav\">&rarr;<\/span><\/a><\/p>\n","protected":false},"author":2,"featured_media":0,"comment_status":"open","ping_status":"open","sticky":false,"template":"","format":"chat","meta":{"footnotes":""},"categories":[5],"tags":[],"_links":{"self":[{"href":"http:\/\/damas.laiglesiadelacomunidad.com\/index.php?rest_route=\/wp\/v2\/posts\/6894"}],"collection":[{"href":"http:\/\/damas.laiglesiadelacomunidad.com\/index.php?rest_route=\/wp\/v2\/posts"}],"about":[{"href":"http:\/\/damas.laiglesiadelacomunidad.com\/index.php?rest_route=\/wp\/v2\/types\/post"}],"author":[{"embeddable":true,"href":"http:\/\/damas.laiglesiadelacomunidad.com\/index.php?rest_route=\/wp\/v2\/users\/2"}],"replies":[{"embeddable":true,"href":"http:\/\/damas.laiglesiadelacomunidad.com\/index.php?rest_route=%2Fwp%2Fv2%2Fcomments&post=6894"}],"version-history":[{"count":1,"href":"http:\/\/damas.laiglesiadelacomunidad.com\/index.php?rest_route=\/wp\/v2\/posts\/6894\/revisions"}],"predecessor-version":[{"id":6895,"href":"http:\/\/damas.laiglesiadelacomunidad.com\/index.php?rest_route=\/wp\/v2\/posts\/6894\/revisions\/6895"}],"wp:attachment":[{"href":"http:\/\/damas.laiglesiadelacomunidad.com\/index.php?rest_route=%2Fwp%2Fv2%2Fmedia&parent=6894"}],"wp:term":[{"taxonomy":"category","embeddable":true,"href":"http:\/\/damas.laiglesiadelacomunidad.com\/index.php?rest_route=%2Fwp%2Fv2%2Fcategories&post=6894"},{"taxonomy":"post_tag","embeddable":true,"href":"http:\/\/damas.laiglesiadelacomunidad.com\/index.php?rest_route=%2Fwp%2Fv2%2Ftags&post=6894"}],"curies":[{"name":"wp","href":"https:\/\/api.w.org\/{rel}","templated":true}]}}