{"id":6880,"date":"2015-03-11T22:30:13","date_gmt":"2015-03-12T03:30:13","guid":{"rendered":"http:\/\/damas.laiglesiadelacomunidad.com\/?p=6880"},"modified":"2015-03-11T22:36:32","modified_gmt":"2015-03-12T03:36:32","slug":"estudio-11-de-marzo-2015","status":"publish","type":"post","link":"http:\/\/damas.laiglesiadelacomunidad.com\/?p=6880","title":{"rendered":"Estudio 11 de Marzo 2015"},"content":{"rendered":"<p>Gracias Se\u00f1or por tan linda noche, gracias por darnos a conocer cual es Tu voluntad por leer Tu palabra, gracias por darnos el don de hablar sin contiendas, discusiones y podernos ayudar las unas a las otras por el poder de Tu Santo Esp\u00edritu que mora y act\u00faa en nosotras y nos ayuda a edificarnos cada vez que nos reunimos en comunidad.<\/p>\n<p>El tema de hoy fue;<strong> &#8220;Felices los que dejan de ser su propio jefe.&#8221;\u00a0<\/strong>Cuando vemos nuestra maldad nos confronta con estas preguntas \u00bfQui\u00e9n ser\u00e1 mi Se\u00f1or (mi Jefe), Dios o yo?, lo que vimos hoy es que no nos gusta someternos a la autoridad, ni de mis jefes, ni de mis l\u00edderes de cualquier indole (religiosos, gobernadores, nuestros esposos. etc.), casi siempre retamos o tratamos de escapar de la autoridad, tomamos nuestras propias decisiones no nos importa a quien nos llevamos por enfrente.<\/p>\n<p>Vimos como nuestro orgullo no s\u00f3lo destruye a nosotras mismas y a nuestra relaci\u00f3n con Dios, sino que tambi\u00e9n destruye a los que est\u00e1n a nuestro alrededor, destruye amistades, hogares, etc.<\/p>\n<p>La semana pasada vimos un ejemplo de humildad en el Rey David, hoy vimos el ejemplo de orgullo en el primer rey de los israelitas,el Rey Sa\u00fal.<\/p>\n<p><strong><span id=\"es-RVC-7494\" class=\"text 1Sam-13-8\">Sa\u00fal esper\u00f3 all\u00ed siete d\u00edas, de acuerdo con el plazo que Samuel le hab\u00eda fijado,pero como no llegaba, el pueblo empez\u00f3 a desertar.<\/span> <span id=\"es-RVC-7495\" class=\"text 1Sam-13-9\">Entonces Sa\u00fal orden\u00f3: \u00abQue traigan un holocausto y ofrendas de paz\u00bb, y ofreci\u00f3 el holocausto.\u00a0<\/span><span id=\"es-RVC-7496\" class=\"text 1Sam-13-10\">Sa\u00fal estaba terminando de ofrecer el holocausto cuando lleg\u00f3 Samuel; Sa\u00fal sali\u00f3 a darle la bienvenida,<\/span> <span id=\"es-RVC-7497\" class=\"text 1Sam-13-11\">pero Samuel le dijo:<\/span>\u00ab\u00bfQu\u00e9 es lo que has hecho?\u00bb\u00a0Y Sa\u00fal respondi\u00f3:<\/strong><\/p>\n<p><strong><span class=\"text 1Sam-13-11\">\u00abMe di cuenta de que el pueblo estaba desertando y, como t\u00fa no ven\u00edas y los filisteos estaban reunidos en Micmas,<\/span> <span id=\"es-RVC-7498\" class=\"text 1Sam-13-12\"><sup class=\"versenum\">\u00a0<\/sup>pens\u00e9: \u201cAhora los filisteos van a venir a Gilgal para luchar contra m\u00ed, y yo no he implorado la ayuda del Se\u00f1or.\u201d As\u00ed que me arm\u00e9 de valor y ofrec\u00ed el holocausto.\u00bb\u00a0<\/span>Pero Samuel le dijo a Sa\u00fal:\u00a0<span class=\"text 1Sam-13-13\">\u00abLo que has hecho es una locura. No obedeciste lo que el Se\u00f1or tu Dios te orden\u00f3 hacer. Si hubieras obedecido, el Se\u00f1or habr\u00eda confirmado para siempre tu reinado sobre Israel.<\/span> <\/strong><span id=\"es-RVC-7500\" class=\"text 1Sam-13-14\"><strong>Ahora tu reinado no durar\u00e1 mucho. El Se\u00f1or ha buscado un hombre que act\u00fae como a \u00e9l le agrada, y ya lo ha escogido para que reine sobre su pueblo, ya que t\u00fa no pudiste obedecer lo que \u00e9l te mand\u00f3.\u00bb<\/strong> 1 Samuel 13:8-14<\/span><\/p>\n<p><strong><span id=\"es-RVC-7571\" class=\"text 1Sam-15-10\"><sup class=\"versenum\">\u00a0<\/sup>Pero el Se\u00f1or le dijo a Samuel:\u00a0<\/span>\u00abEstoy muy disgustado por haber hecho rey de Israel a Sa\u00fal, pues se ha apartado de m\u00ed y no ha cumplido con lo que le orden\u00e9 hacer.\u00bb\u00a0<span class=\"text 1Sam-15-11\">Cuando Samuel oy\u00f3 esto, se llen\u00f3 de pesar, y toda esa noche le estuvo rogando al Se\u00f1or por Sa\u00fal.<\/span> <span id=\"es-RVC-7573\" class=\"text 1Sam-15-12\">Al amanecer, se levant\u00f3 y fue a buscar a Sa\u00fal, y le avisaron que hab\u00eda estado en Carmel, donde hab\u00eda levantado un monumento, pero que hab\u00eda regresado a Gilgal.<\/span> <span id=\"es-RVC-7574\" class=\"text 1Sam-15-13\">Cuando Samuel lleg\u00f3 a donde estaba Sa\u00fal, \u00e9ste le dijo:\u00a0<\/span>\u00ab\u00a1Que el Se\u00f1or te bendiga! Ya cumpl\u00ed con lo que el Se\u00f1or me orden\u00f3 hacer.\u00bb\u00a0Pero Samuel le respondi\u00f3:\u00a0\u00abEntonces, \u00bfqu\u00e9 son esos balidos de ovejas, y esos bramidos de vacas que llegan a mis o\u00eddos?\u00bb<\/strong><\/p>\n<p><strong><span id=\"es-RVC-7576\" class=\"text 1Sam-15-15\">Y Sa\u00fal le respondi\u00f3:\u00a0<\/span>\u00abEsos animales fueron tra\u00eddos de Amalec. El pueblo dej\u00f3 con vida a las mejores ovejas y vacas, para sacrificarlas al Se\u00f1or tu Dios Todo lo dem\u00e1s fue destruido.\u00bb<\/strong><\/p>\n<p><strong><span id=\"es-RVC-7577\" class=\"text 1Sam-15-16\"><sup class=\"versenum\">\u00a0<\/sup>Pero Samuel le dijo:<\/span>\u00abEscucha bien lo que el Se\u00f1or me dijo durante la noche.\u00bbY Sa\u00fal le respondi\u00f3:\u00abTe escucho.\u00bb\u00a0<sup class=\"versenum\">\u00a0<\/sup>Samuel a\u00f1adi\u00f3:\u00a0<span class=\"text 1Sam-15-17\">\u00ab\u00bfNo es verdad que t\u00fa mismo te considerabas alguien insignificante? \u00bfY no es verdad que el Se\u00f1or te ha hecho jefe de las tribus de Israel, y te ha consagrado como su rey?<\/span> <span id=\"es-RVC-7579\" class=\"text 1Sam-15-18\">El Se\u00f1or te dio una misi\u00f3n, cuando te dijo: \u201cVe y destruye por completo a los amalecitas. Comb\u00e1telos, hasta acabar con todos ellos.\u201d<span style=\"font-size: 12px; line-height: 0px;\">\u00a0<\/span><\/span><\/strong><span id=\"es-RVC-7580\" class=\"text 1Sam-15-19\"><strong>Entonces, \u00bfpor qu\u00e9 no has obedecido lo que te orden\u00f3 el Se\u00f1or, sino que has tra\u00eddo contigo lo que le quitaste a tus enemigos? A los ojos del Se\u00f1or, has hecho mal.\u00bb<\/strong> 1 Samuel 15:10-19<\/span><\/p>\n<p><strong><span id=\"es-RVC-7583\" class=\"text 1Sam-15-22\">Samuel le contest\u00f3:<\/span><\/strong><\/p>\n<p><strong><span class=\"text 1Sam-15-22\">\u00ab\u00bfY crees que al Se\u00f1or le gustan tus holocaustos y ofrendas m\u00e1s que la obediencia a sus palabras? Entiende que obedecer al Se\u00f1or es mejor que ofrecerle sacrificios, y que escucharlo con atenci\u00f3n es mejor que ofrecerle la grasa de los carneros.<\/span> <span id=\"es-RVC-7584\" class=\"text 1Sam-15-23\">Ser rebelde es lo mismo que practicar la adivinaci\u00f3n, y ser obstinado es lo mismo que ser id\u00f3latra. Puesto que t\u00fa no tomaste en cuenta lo que el Se\u00f1or te orden\u00f3, tampoco \u00e9l te toma en cuenta como rey de Israel.\u00bb<\/span><\/strong><\/p>\n<p><strong><span id=\"es-RVC-7585\" class=\"text 1Sam-15-24\">Entonces Sa\u00fal le respondi\u00f3 a Samuel:\u00a0<\/span><span class=\"text 1Sam-15-24\">\u00abReconozco mi pecado. He faltado al mandamiento del Se\u00f1or y a tus palabras. Y es que tuve miedo del pueblo, y ced\u00ed ante sus exigencias. Yo te ruego que me perdones mi pecado,<\/span> <span id=\"es-RVC-7586\" class=\"text 1Sam-15-25\">y que me acompa\u00f1es a adorar al Se\u00f1or.\u00bb<\/span><\/strong><\/p>\n<p><strong><span id=\"es-RVC-7587\" class=\"text 1Sam-15-26\">Pero Samuel le contest\u00f3:<\/span>\u00abNo te voy a acompa\u00f1ar a ninguna parte. Puesto que t\u00fa no tomaste en cuenta las palabras del Se\u00f1or, tampoco \u00e9l te toma en cuenta como rey de Israel.\u00bb<\/strong> 1 Samuel 15:22-26<\/p>\n<p>Se\u00f1or reconocemos que hemos pecado, que hay mucho orgullo en nuestras vidas, te pedimos que nos ayudes a dejar nuestro orgullo y que nos ayudes a tener la humildad que tiene Tu hijo Jes\u00fas, tambi\u00e9n te pedimos por la familia de Bia y Mary, que Tu les des consuelo, te lo pedimos en nombre de Jesucristo nuestro Se\u00f1or, am\u00e9n.<\/p>\n<p>Que pasen una buen fin de semana, ma\u00f1ana, el viernes y el domingo estaremos recolectando la ayuda que daremos a la familia de Bia y Mary, de antemano gracias.<\/p>\n<p>Dios las bendiga;<\/p>\n<p>Jackie C.<\/p>\n<p><img decoding=\"async\" src=\"http:\/\/damas.laiglesiadelacomunidad.com\/wp-content\/uploads\/2015\/03\/IMG_0840.jpg\" alt=\"\" \/><\/p>\n<p><img decoding=\"async\" src=\"http:\/\/damas.laiglesiadelacomunidad.com\/wp-content\/uploads\/2015\/03\/IMG_0836.jpg\" alt=\"\" \/><\/p>\n<p><img decoding=\"async\" src=\"http:\/\/damas.laiglesiadelacomunidad.com\/wp-content\/uploads\/2015\/03\/IMG_0839.jpg\" alt=\"\" \/><\/p>\n<p><img decoding=\"async\" src=\"http:\/\/damas.laiglesiadelacomunidad.com\/wp-content\/uploads\/2015\/03\/IMG_0833.jpg\" alt=\"\" \/><\/p>\n<p><img decoding=\"async\" src=\"http:\/\/damas.laiglesiadelacomunidad.com\/wp-content\/uploads\/2015\/03\/IMG_0832.jpg\" alt=\"\" \/><\/p>\n<p><img decoding=\"async\" src=\"http:\/\/damas.laiglesiadelacomunidad.com\/wp-content\/uploads\/2015\/03\/IMG_0831.jpg\" alt=\"\" \/><\/p>\n","protected":false},"excerpt":{"rendered":"<p>Gracias Se\u00f1or por tan linda noche, gracias por darnos a conocer cual es Tu voluntad por leer Tu palabra, gracias por darnos el don de hablar sin contiendas, discusiones y podernos ayudar las unas a las otras por el poder de Tu Santo Esp\u00edritu que mora y act\u00faa en nosotras y nos ayuda a edificarnos &hellip; <a href=\"http:\/\/damas.laiglesiadelacomunidad.com\/?p=6880\" class=\"more-link\">Continue reading <span class=\"screen-reader-text\">Estudio 11 de Marzo 2015<\/span> <span class=\"meta-nav\">&rarr;<\/span><\/a><\/p>\n","protected":false},"author":2,"featured_media":0,"comment_status":"open","ping_status":"open","sticky":false,"template":"","format":"gallery","meta":{"footnotes":""},"categories":[6],"tags":[],"_links":{"self":[{"href":"http:\/\/damas.laiglesiadelacomunidad.com\/index.php?rest_route=\/wp\/v2\/posts\/6880"}],"collection":[{"href":"http:\/\/damas.laiglesiadelacomunidad.com\/index.php?rest_route=\/wp\/v2\/posts"}],"about":[{"href":"http:\/\/damas.laiglesiadelacomunidad.com\/index.php?rest_route=\/wp\/v2\/types\/post"}],"author":[{"embeddable":true,"href":"http:\/\/damas.laiglesiadelacomunidad.com\/index.php?rest_route=\/wp\/v2\/users\/2"}],"replies":[{"embeddable":true,"href":"http:\/\/damas.laiglesiadelacomunidad.com\/index.php?rest_route=%2Fwp%2Fv2%2Fcomments&post=6880"}],"version-history":[{"count":4,"href":"http:\/\/damas.laiglesiadelacomunidad.com\/index.php?rest_route=\/wp\/v2\/posts\/6880\/revisions"}],"predecessor-version":[{"id":6890,"href":"http:\/\/damas.laiglesiadelacomunidad.com\/index.php?rest_route=\/wp\/v2\/posts\/6880\/revisions\/6890"}],"wp:attachment":[{"href":"http:\/\/damas.laiglesiadelacomunidad.com\/index.php?rest_route=%2Fwp%2Fv2%2Fmedia&parent=6880"}],"wp:term":[{"taxonomy":"category","embeddable":true,"href":"http:\/\/damas.laiglesiadelacomunidad.com\/index.php?rest_route=%2Fwp%2Fv2%2Fcategories&post=6880"},{"taxonomy":"post_tag","embeddable":true,"href":"http:\/\/damas.laiglesiadelacomunidad.com\/index.php?rest_route=%2Fwp%2Fv2%2Ftags&post=6880"}],"curies":[{"name":"wp","href":"https:\/\/api.w.org\/{rel}","templated":true}]}}