{"id":6875,"date":"2015-03-11T07:25:02","date_gmt":"2015-03-11T12:25:02","guid":{"rendered":"http:\/\/damas.laiglesiadelacomunidad.com\/?p=6875"},"modified":"2015-03-11T00:26:22","modified_gmt":"2015-03-11T05:26:22","slug":"versiculos-para-meditar-112","status":"publish","type":"post","link":"http:\/\/damas.laiglesiadelacomunidad.com\/?p=6875","title":{"rendered":"Vers\u00edculos para Meditar\u00a0"},"content":{"rendered":"<p>Pero les ruego, hermanos, por nuestro Se\u00f1or Jesucristo y por el amor del Esp\u00edritu, que me ayuden con sus oraciones a Dios por m\u00ed, para que sea yo librado de los rebeldes que est\u00e1n en Judea, y que la ofrenda de mi servicio a los santos en Jerusal\u00e9n sea agradable, para que, por la voluntad de Dios, llegue a ustedes gozoso y pueda descansar entre ustedes. Que el Dios de paz sea con todos ustedes. Am\u00e9n. (\u202dRomanos\u202c \u202d15\u202c:\u202d30-33\u202c RVC)<\/p>\n","protected":false},"excerpt":{"rendered":"<p>Pero les ruego, hermanos, por nuestro Se\u00f1or Jesucristo y por el amor del Esp\u00edritu, que me ayuden con sus oraciones a Dios por m\u00ed, para que sea yo librado de los rebeldes que est\u00e1n en Judea, y que la ofrenda de mi servicio a los santos en Jerusal\u00e9n sea agradable, para que, por la voluntad &hellip; <a href=\"http:\/\/damas.laiglesiadelacomunidad.com\/?p=6875\" class=\"more-link\">Continue reading <span class=\"screen-reader-text\">Vers\u00edculos para Meditar\u00a0<\/span> <span class=\"meta-nav\">&rarr;<\/span><\/a><\/p>\n","protected":false},"author":2,"featured_media":0,"comment_status":"open","ping_status":"open","sticky":false,"template":"","format":"chat","meta":{"footnotes":""},"categories":[5],"tags":[],"_links":{"self":[{"href":"http:\/\/damas.laiglesiadelacomunidad.com\/index.php?rest_route=\/wp\/v2\/posts\/6875"}],"collection":[{"href":"http:\/\/damas.laiglesiadelacomunidad.com\/index.php?rest_route=\/wp\/v2\/posts"}],"about":[{"href":"http:\/\/damas.laiglesiadelacomunidad.com\/index.php?rest_route=\/wp\/v2\/types\/post"}],"author":[{"embeddable":true,"href":"http:\/\/damas.laiglesiadelacomunidad.com\/index.php?rest_route=\/wp\/v2\/users\/2"}],"replies":[{"embeddable":true,"href":"http:\/\/damas.laiglesiadelacomunidad.com\/index.php?rest_route=%2Fwp%2Fv2%2Fcomments&post=6875"}],"version-history":[{"count":1,"href":"http:\/\/damas.laiglesiadelacomunidad.com\/index.php?rest_route=\/wp\/v2\/posts\/6875\/revisions"}],"predecessor-version":[{"id":6876,"href":"http:\/\/damas.laiglesiadelacomunidad.com\/index.php?rest_route=\/wp\/v2\/posts\/6875\/revisions\/6876"}],"wp:attachment":[{"href":"http:\/\/damas.laiglesiadelacomunidad.com\/index.php?rest_route=%2Fwp%2Fv2%2Fmedia&parent=6875"}],"wp:term":[{"taxonomy":"category","embeddable":true,"href":"http:\/\/damas.laiglesiadelacomunidad.com\/index.php?rest_route=%2Fwp%2Fv2%2Fcategories&post=6875"},{"taxonomy":"post_tag","embeddable":true,"href":"http:\/\/damas.laiglesiadelacomunidad.com\/index.php?rest_route=%2Fwp%2Fv2%2Ftags&post=6875"}],"curies":[{"name":"wp","href":"https:\/\/api.w.org\/{rel}","templated":true}]}}