{"id":6820,"date":"2015-03-08T23:17:59","date_gmt":"2015-03-09T04:17:59","guid":{"rendered":"http:\/\/damas.laiglesiadelacomunidad.com\/?p=6820"},"modified":"2015-03-08T23:25:04","modified_gmt":"2015-03-09T04:25:04","slug":"reunion-8-de-marzo-del-2015","status":"publish","type":"post","link":"http:\/\/damas.laiglesiadelacomunidad.com\/?p=6820","title":{"rendered":"Reuni\u00f3n 8 de Marzo del 2015"},"content":{"rendered":"<p>Gracias a Dios por tan excelente noche, gracias por bendecirnos tanto y Se\u00f1or especialmente te queremos dar gracias por poner en el coraz\u00f3n de Juan el deseo de entregar su vida a Ti por arrepentirse y bautizarse. Nuestro coraz\u00f3n rebosa de alegr\u00eda.<\/p>\n<p>Estamos estudiando las bienaventuranzas y vemos como se ve la obra de Dios en nosotros cuando \u00c9l ha tocado nuestro coraz\u00f3n y nos hacemos sensibles a nuestro pecado, no es el cambio que decimos nosotros que tenemos si no el cambio que otros ven en nosotros.<\/p>\n<p>El tema de hoy fue; <strong>&#8220;Felices los humildes&#8221;<\/strong> y la idea grande fue: <strong>&#8220;Felices los que dejan de ser su propio jefe&#8221;\u00a0<\/strong>las bienaventuranzas nos ense\u00f1an la causa y el efecto de cuando hacemos lo que Dios nos pide que hagamos, o de no hacer lo que Dios nos dice que hagamos.<\/p>\n<p>Hoy aprendimos la causa y efecto de ser humilde y de ser orgulloso, muchas veces pensamos que no tenemos orgullo, pero el orgullo nos sale hasta en el tono de voz que usamos para decir las cosas , incluso la verdad. Y es una gran batalla que libramos a diario, porque a diario queremos que las cosas se hagan a nuestra manera, a diario nos cuesta rendirnos a los deseos no de otras personas sino de nuestro Padre, y a la conclusi\u00f3n que hemos llegado en el pasado es que en la manera que nos sometemos a otros (l\u00edderes, jefes en el trabajo, padres, maestros etc.) en esa manera nos sometemos a Dios.<\/p>\n<p>Lo que m\u00e1s me toc\u00f3 hoy en el mensaje fue lo que Felipe dijo acerca del orgullo y se escucha fuerte (me toc\u00f3 el orgullo) y es que el orgullo es diab\u00f3lico o Sat\u00e1nico, por verlo de esa manera, por lo que es, me impulsa a luchar por ser menos orgullosa.<\/p>\n<p><sup class=\"versenum\">\u00a0<\/sup><strong>\u00bbBienaventurados los mansos, porque ellos heredar\u00e1n la tierra.<\/strong> Mateo 5:5<\/p>\n<p><strong><span id=\"es-RVC-17942\" class=\"text Isa-14-12\">\u00bb\u00a1C\u00f3mo ca\u00edste del cielo, lucero de la ma\u00f1ana! \u00a1C\u00f3mo ca\u00edste por tierra, t\u00fa que derrotabas a las naciones!<\/span> <span id=\"es-RVC-17943\" class=\"text Isa-14-13\"><sup class=\"versenum\">13\u00a0<\/sup>T\u00fa, que en tu coraz\u00f3n dec\u00edas: \u201cSubir\u00e9 al cielo, por encima de las estrellas de Dios, y all\u00ed pondr\u00e9 mi trono. En el monte del concilio me sentar\u00e9, en lo m\u00e1s remoto del norte;<\/span> <span id=\"es-RVC-17944\" class=\"text Isa-14-14\"><sup class=\"versenum\">14\u00a0<\/sup>subir\u00e9 hasta las altas nubes, y ser\u00e9 semejante <\/span><\/strong><span id=\"es-RVC-17944\" class=\"text Isa-14-14\"><strong>al Alt\u00edsimo.\u201d<\/strong>\u00a0<\/span><span id=\"es-RVC-17944\" class=\"text Isa-14-14\">Isaias 14:12-14<\/span><\/p>\n<p><strong>Ser rebelde es lo mismo que practicar la adivinaci\u00f3n, y ser obstinado es lo mismo que ser id\u00f3latra. Puesto que t\u00fa no tomaste en cuenta lo que el Se\u00f1or te orden\u00f3, tampoco \u00e9l te toma en cuenta como rey de Israel.\u00bb<\/strong> 1 Samuel 15:23<\/p>\n<p><strong><span id=\"es-RVC-16558\" class=\"text Prov-6-16\">Hay seis, y hasta siete cosas<\/span><\/strong><br \/>\n<strong><span class=\"text Prov-6-16\">que el Se\u00f1or detesta con toda el alma:<\/span><\/strong><br \/>\n<span id=\"es-RVC-16559\" class=\"text Prov-6-17\"><strong><sup class=\"versenum\">\u00a0<\/sup>Los ojos altivos, la lengua mentirosa,<\/strong> Prov. 6:16-17<\/span><\/p>\n<p><strong><span id=\"es-RVC-16860\" class=\"text Prov-16-18\">La soberbia precede al fracaso;<\/span><\/strong><br \/>\n<strong><span class=\"text Prov-16-18\">la arrogancia anticipa la ca\u00edda.\u00a0<\/span><\/strong><span class=\"text Prov-16-18\">Prov.16:18<\/span><\/p>\n<p><strong>Por lo tanto, muestren humildad bajo la poderosa mano de Dios, para que \u00e9l los exalte a su debido tiempo.<\/strong> 1 Pedro 5:6<\/p>\n<p><strong><span id=\"es-RVC-18926\" class=\"text Isa-66-2\">Yo hice todo esto con mis propias manos, y fue as\u00ed como llegaron a existir. Yo pongo la mirada en los pobres y humildes de esp\u00edritu, y en los que tiemblan al escuchar mi palabra.<\/span><\/strong><\/p>\n<p class=\"right refrain\"><strong><span class=\"text Isa-66-2\">\u2014Palabra del Se\u00f1or.\u00a0<\/span><\/strong><span class=\"text Isa-66-2\">Isaias 66:2<\/span><\/p>\n<p><strong><span id=\"es-RVC-30472\" class=\"text 1Pet-5-5\">Tambi\u00e9n ustedes, los j\u00f3venes, muestren respeto ante los ancianos, y todos ustedes, practiquen el mutuo respeto. Rev\u00edstanse de humildad, porque:<\/span>\u00abDios resiste a los soberbios,\u00a0pero se muestra favorable a los humildes.\u00bb<\/strong> 1 Pedro 5:5<\/p>\n<p>Gracias Se\u00f1or por Tu gracia y Tu misericordia para con nosotros, gracias por \u00e9stas ense\u00f1anzas que nos has estado dando, te pedimos Se\u00f1or que ablandes nuestros corazones para que podamos reconocer nuestro orgullo, que actuemos de acuerdo a tu voluntad, te lo pedimos en nombre de Jesucristo nuestro Se\u00f1or y Salvador, am\u00e9n.<\/p>\n<p>Todos estan invitados al Bautismo de Juan Solis ma\u00f1ana a las 6:30pm en la iglesia Northwest de la 1ra y la Adams.<\/p>\n<p>Que pasen una linda semana;<\/p>\n<p>Jackie C.<\/p>\n<p><a href=\"http:\/\/damas.laiglesiadelacomunidad.com\/?attachment_id=6821\" rel=\"attachment wp-att-6821\"><img loading=\"lazy\" decoding=\"async\" class=\"alignnone size-full wp-image-6821\" src=\"http:\/\/damas.laiglesiadelacomunidad.com\/wp-content\/uploads\/2015\/03\/2015-03-08-22.10.31.jpg\" alt=\"2015-03-08 22.10.31\" width=\"1280\" height=\"960\" srcset=\"http:\/\/damas.laiglesiadelacomunidad.com\/wp-content\/uploads\/2015\/03\/2015-03-08-22.10.31.jpg 1280w, http:\/\/damas.laiglesiadelacomunidad.com\/wp-content\/uploads\/2015\/03\/2015-03-08-22.10.31-300x225.jpg 300w, http:\/\/damas.laiglesiadelacomunidad.com\/wp-content\/uploads\/2015\/03\/2015-03-08-22.10.31-1024x768.jpg 1024w\" sizes=\"(max-width: 1280px) 100vw, 1280px\" \/><\/a> <a href=\"http:\/\/damas.laiglesiadelacomunidad.com\/?attachment_id=6822\" rel=\"attachment wp-att-6822\"><img loading=\"lazy\" decoding=\"async\" class=\"alignnone size-full wp-image-6822\" src=\"http:\/\/damas.laiglesiadelacomunidad.com\/wp-content\/uploads\/2015\/03\/2015-03-08-22.10.41.jpg\" alt=\"2015-03-08 22.10.41\" width=\"960\" height=\"1280\" srcset=\"http:\/\/damas.laiglesiadelacomunidad.com\/wp-content\/uploads\/2015\/03\/2015-03-08-22.10.41.jpg 960w, http:\/\/damas.laiglesiadelacomunidad.com\/wp-content\/uploads\/2015\/03\/2015-03-08-22.10.41-225x300.jpg 225w, http:\/\/damas.laiglesiadelacomunidad.com\/wp-content\/uploads\/2015\/03\/2015-03-08-22.10.41-768x1024.jpg 768w\" sizes=\"(max-width: 960px) 100vw, 960px\" \/><\/a> <a href=\"http:\/\/damas.laiglesiadelacomunidad.com\/?attachment_id=6823\" rel=\"attachment wp-att-6823\"><img loading=\"lazy\" decoding=\"async\" class=\"alignnone size-full wp-image-6823\" src=\"http:\/\/damas.laiglesiadelacomunidad.com\/wp-content\/uploads\/2015\/03\/2015-03-08-22.10.54.jpg\" alt=\"2015-03-08 22.10.54\" width=\"1280\" height=\"960\" srcset=\"http:\/\/damas.laiglesiadelacomunidad.com\/wp-content\/uploads\/2015\/03\/2015-03-08-22.10.54.jpg 1280w, http:\/\/damas.laiglesiadelacomunidad.com\/wp-content\/uploads\/2015\/03\/2015-03-08-22.10.54-300x225.jpg 300w, http:\/\/damas.laiglesiadelacomunidad.com\/wp-content\/uploads\/2015\/03\/2015-03-08-22.10.54-1024x768.jpg 1024w\" sizes=\"(max-width: 1280px) 100vw, 1280px\" \/><\/a> <a href=\"http:\/\/damas.laiglesiadelacomunidad.com\/?attachment_id=6824\" rel=\"attachment wp-att-6824\"><img loading=\"lazy\" decoding=\"async\" class=\"alignnone size-full wp-image-6824\" src=\"http:\/\/damas.laiglesiadelacomunidad.com\/wp-content\/uploads\/2015\/03\/2015-03-08-22.14.34.jpg\" alt=\"2015-03-08 22.14.34\" width=\"1280\" height=\"960\" srcset=\"http:\/\/damas.laiglesiadelacomunidad.com\/wp-content\/uploads\/2015\/03\/2015-03-08-22.14.34.jpg 1280w, http:\/\/damas.laiglesiadelacomunidad.com\/wp-content\/uploads\/2015\/03\/2015-03-08-22.14.34-300x225.jpg 300w, http:\/\/damas.laiglesiadelacomunidad.com\/wp-content\/uploads\/2015\/03\/2015-03-08-22.14.34-1024x768.jpg 1024w\" sizes=\"(max-width: 1280px) 100vw, 1280px\" \/><\/a> <a href=\"http:\/\/damas.laiglesiadelacomunidad.com\/?attachment_id=6825\" rel=\"attachment wp-att-6825\"><img loading=\"lazy\" decoding=\"async\" class=\"alignnone size-full wp-image-6825\" src=\"http:\/\/damas.laiglesiadelacomunidad.com\/wp-content\/uploads\/2015\/03\/2015-03-08-22.14.40.jpg\" alt=\"2015-03-08 22.14.40\" width=\"1280\" height=\"960\" srcset=\"http:\/\/damas.laiglesiadelacomunidad.com\/wp-content\/uploads\/2015\/03\/2015-03-08-22.14.40.jpg 1280w, http:\/\/damas.laiglesiadelacomunidad.com\/wp-content\/uploads\/2015\/03\/2015-03-08-22.14.40-300x225.jpg 300w, http:\/\/damas.laiglesiadelacomunidad.com\/wp-content\/uploads\/2015\/03\/2015-03-08-22.14.40-1024x768.jpg 1024w\" sizes=\"(max-width: 1280px) 100vw, 1280px\" \/><\/a> <a href=\"http:\/\/damas.laiglesiadelacomunidad.com\/?attachment_id=6826\" rel=\"attachment wp-att-6826\"><img loading=\"lazy\" decoding=\"async\" class=\"alignnone size-full wp-image-6826\" src=\"http:\/\/damas.laiglesiadelacomunidad.com\/wp-content\/uploads\/2015\/03\/2015-03-08-22.14.43.jpg\" alt=\"2015-03-08 22.14.43\" width=\"1280\" height=\"960\" srcset=\"http:\/\/damas.laiglesiadelacomunidad.com\/wp-content\/uploads\/2015\/03\/2015-03-08-22.14.43.jpg 1280w, http:\/\/damas.laiglesiadelacomunidad.com\/wp-content\/uploads\/2015\/03\/2015-03-08-22.14.43-300x225.jpg 300w, http:\/\/damas.laiglesiadelacomunidad.com\/wp-content\/uploads\/2015\/03\/2015-03-08-22.14.43-1024x768.jpg 1024w\" sizes=\"(max-width: 1280px) 100vw, 1280px\" \/><\/a> <a href=\"http:\/\/damas.laiglesiadelacomunidad.com\/?attachment_id=6827\" rel=\"attachment wp-att-6827\"><img loading=\"lazy\" decoding=\"async\" class=\"alignnone size-full wp-image-6827\" src=\"http:\/\/damas.laiglesiadelacomunidad.com\/wp-content\/uploads\/2015\/03\/2015-03-08-22.14.54.jpg\" alt=\"2015-03-08 22.14.54\" width=\"960\" height=\"1280\" srcset=\"http:\/\/damas.laiglesiadelacomunidad.com\/wp-content\/uploads\/2015\/03\/2015-03-08-22.14.54.jpg 960w, http:\/\/damas.laiglesiadelacomunidad.com\/wp-content\/uploads\/2015\/03\/2015-03-08-22.14.54-225x300.jpg 225w, http:\/\/damas.laiglesiadelacomunidad.com\/wp-content\/uploads\/2015\/03\/2015-03-08-22.14.54-768x1024.jpg 768w\" sizes=\"(max-width: 960px) 100vw, 960px\" \/><\/a> <a href=\"http:\/\/damas.laiglesiadelacomunidad.com\/?attachment_id=6828\" rel=\"attachment wp-att-6828\"><img loading=\"lazy\" decoding=\"async\" class=\"alignnone size-full wp-image-6828\" src=\"http:\/\/damas.laiglesiadelacomunidad.com\/wp-content\/uploads\/2015\/03\/2015-03-08-22.14.57.jpg\" alt=\"2015-03-08 22.14.57\" width=\"960\" height=\"1280\" srcset=\"http:\/\/damas.laiglesiadelacomunidad.com\/wp-content\/uploads\/2015\/03\/2015-03-08-22.14.57.jpg 960w, http:\/\/damas.laiglesiadelacomunidad.com\/wp-content\/uploads\/2015\/03\/2015-03-08-22.14.57-225x300.jpg 225w, http:\/\/damas.laiglesiadelacomunidad.com\/wp-content\/uploads\/2015\/03\/2015-03-08-22.14.57-768x1024.jpg 768w\" sizes=\"(max-width: 960px) 100vw, 960px\" \/><\/a> <a href=\"http:\/\/damas.laiglesiadelacomunidad.com\/?attachment_id=6829\" rel=\"attachment wp-att-6829\"><img loading=\"lazy\" decoding=\"async\" class=\"alignnone size-full wp-image-6829\" src=\"http:\/\/damas.laiglesiadelacomunidad.com\/wp-content\/uploads\/2015\/03\/2015-03-08-22.15.05.jpg\" alt=\"2015-03-08 22.15.05\" width=\"1280\" height=\"960\" srcset=\"http:\/\/damas.laiglesiadelacomunidad.com\/wp-content\/uploads\/2015\/03\/2015-03-08-22.15.05.jpg 1280w, http:\/\/damas.laiglesiadelacomunidad.com\/wp-content\/uploads\/2015\/03\/2015-03-08-22.15.05-300x225.jpg 300w, http:\/\/damas.laiglesiadelacomunidad.com\/wp-content\/uploads\/2015\/03\/2015-03-08-22.15.05-1024x768.jpg 1024w\" sizes=\"(max-width: 1280px) 100vw, 1280px\" \/><\/a> <a href=\"http:\/\/damas.laiglesiadelacomunidad.com\/?attachment_id=6830\" rel=\"attachment wp-att-6830\"><img loading=\"lazy\" decoding=\"async\" class=\"alignnone size-full wp-image-6830\" src=\"http:\/\/damas.laiglesiadelacomunidad.com\/wp-content\/uploads\/2015\/03\/2015-03-08-22.15.08.jpg\" alt=\"2015-03-08 22.15.08\" width=\"960\" height=\"1280\" srcset=\"http:\/\/damas.laiglesiadelacomunidad.com\/wp-content\/uploads\/2015\/03\/2015-03-08-22.15.08.jpg 960w, http:\/\/damas.laiglesiadelacomunidad.com\/wp-content\/uploads\/2015\/03\/2015-03-08-22.15.08-225x300.jpg 225w, http:\/\/damas.laiglesiadelacomunidad.com\/wp-content\/uploads\/2015\/03\/2015-03-08-22.15.08-768x1024.jpg 768w\" sizes=\"(max-width: 960px) 100vw, 960px\" \/><\/a> <a href=\"http:\/\/damas.laiglesiadelacomunidad.com\/?attachment_id=6831\" rel=\"attachment wp-att-6831\"><img loading=\"lazy\" decoding=\"async\" class=\"alignnone size-full wp-image-6831\" src=\"http:\/\/damas.laiglesiadelacomunidad.com\/wp-content\/uploads\/2015\/03\/2015-03-08-22.15.15.jpg\" alt=\"2015-03-08 22.15.15\" width=\"960\" height=\"1280\" srcset=\"http:\/\/damas.laiglesiadelacomunidad.com\/wp-content\/uploads\/2015\/03\/2015-03-08-22.15.15.jpg 960w, http:\/\/damas.laiglesiadelacomunidad.com\/wp-content\/uploads\/2015\/03\/2015-03-08-22.15.15-225x300.jpg 225w, http:\/\/damas.laiglesiadelacomunidad.com\/wp-content\/uploads\/2015\/03\/2015-03-08-22.15.15-768x1024.jpg 768w\" sizes=\"(max-width: 960px) 100vw, 960px\" \/><\/a> <a href=\"http:\/\/damas.laiglesiadelacomunidad.com\/?attachment_id=6832\" rel=\"attachment wp-att-6832\"><img loading=\"lazy\" decoding=\"async\" class=\"alignnone size-full wp-image-6832\" src=\"http:\/\/damas.laiglesiadelacomunidad.com\/wp-content\/uploads\/2015\/03\/2015-03-08-22.15.18.jpg\" alt=\"2015-03-08 22.15.18\" width=\"1280\" height=\"960\" srcset=\"http:\/\/damas.laiglesiadelacomunidad.com\/wp-content\/uploads\/2015\/03\/2015-03-08-22.15.18.jpg 1280w, http:\/\/damas.laiglesiadelacomunidad.com\/wp-content\/uploads\/2015\/03\/2015-03-08-22.15.18-300x225.jpg 300w, http:\/\/damas.laiglesiadelacomunidad.com\/wp-content\/uploads\/2015\/03\/2015-03-08-22.15.18-1024x768.jpg 1024w\" sizes=\"(max-width: 1280px) 100vw, 1280px\" \/><\/a><\/p>\n<p><strong><a href=\"http:\/\/damas.laiglesiadelacomunidad.com\/?attachment_id=6616\" rel=\"attachment wp-att-6616\"><img loading=\"lazy\" decoding=\"async\" class=\"alignnone size-full wp-image-6616\" src=\"http:\/\/damas.laiglesiadelacomunidad.com\/wp-content\/uploads\/2015\/02\/IMG_0290.jpg\" alt=\"IMG_0290.JPG\" width=\"834\" height=\"1280\" srcset=\"http:\/\/damas.laiglesiadelacomunidad.com\/wp-content\/uploads\/2015\/02\/IMG_0290.jpg 834w, http:\/\/damas.laiglesiadelacomunidad.com\/wp-content\/uploads\/2015\/02\/IMG_0290-195x300.jpg 195w, http:\/\/damas.laiglesiadelacomunidad.com\/wp-content\/uploads\/2015\/02\/IMG_0290-667x1024.jpg 667w\" sizes=\"(max-width: 834px) 100vw, 834px\" \/><\/a><\/strong><\/p>\n","protected":false},"excerpt":{"rendered":"<p>Gracias a Dios por tan excelente noche, gracias por bendecirnos tanto y Se\u00f1or especialmente te queremos dar gracias por poner en el coraz\u00f3n de Juan el deseo de entregar su vida a Ti por arrepentirse y bautizarse. Nuestro coraz\u00f3n rebosa de alegr\u00eda. Estamos estudiando las bienaventuranzas y vemos como se ve la obra de Dios &hellip; <a href=\"http:\/\/damas.laiglesiadelacomunidad.com\/?p=6820\" class=\"more-link\">Continue reading <span class=\"screen-reader-text\">Reuni\u00f3n 8 de Marzo del 2015<\/span> <span class=\"meta-nav\">&rarr;<\/span><\/a><\/p>\n","protected":false},"author":2,"featured_media":0,"comment_status":"open","ping_status":"open","sticky":false,"template":"","format":"gallery","meta":{"footnotes":""},"categories":[7],"tags":[],"_links":{"self":[{"href":"http:\/\/damas.laiglesiadelacomunidad.com\/index.php?rest_route=\/wp\/v2\/posts\/6820"}],"collection":[{"href":"http:\/\/damas.laiglesiadelacomunidad.com\/index.php?rest_route=\/wp\/v2\/posts"}],"about":[{"href":"http:\/\/damas.laiglesiadelacomunidad.com\/index.php?rest_route=\/wp\/v2\/types\/post"}],"author":[{"embeddable":true,"href":"http:\/\/damas.laiglesiadelacomunidad.com\/index.php?rest_route=\/wp\/v2\/users\/2"}],"replies":[{"embeddable":true,"href":"http:\/\/damas.laiglesiadelacomunidad.com\/index.php?rest_route=%2Fwp%2Fv2%2Fcomments&post=6820"}],"version-history":[{"count":2,"href":"http:\/\/damas.laiglesiadelacomunidad.com\/index.php?rest_route=\/wp\/v2\/posts\/6820\/revisions"}],"predecessor-version":[{"id":6834,"href":"http:\/\/damas.laiglesiadelacomunidad.com\/index.php?rest_route=\/wp\/v2\/posts\/6820\/revisions\/6834"}],"wp:attachment":[{"href":"http:\/\/damas.laiglesiadelacomunidad.com\/index.php?rest_route=%2Fwp%2Fv2%2Fmedia&parent=6820"}],"wp:term":[{"taxonomy":"category","embeddable":true,"href":"http:\/\/damas.laiglesiadelacomunidad.com\/index.php?rest_route=%2Fwp%2Fv2%2Fcategories&post=6820"},{"taxonomy":"post_tag","embeddable":true,"href":"http:\/\/damas.laiglesiadelacomunidad.com\/index.php?rest_route=%2Fwp%2Fv2%2Ftags&post=6820"}],"curies":[{"name":"wp","href":"https:\/\/api.w.org\/{rel}","templated":true}]}}