{"id":6804,"date":"2015-03-06T10:58:04","date_gmt":"2015-03-06T16:58:04","guid":{"rendered":"http:\/\/damas.laiglesiadelacomunidad.com\/?p=6804"},"modified":"2015-03-06T11:44:00","modified_gmt":"2015-03-06T17:44:00","slug":"estudio-jueves-5-de-marzo-2015","status":"publish","type":"post","link":"http:\/\/damas.laiglesiadelacomunidad.com\/?p=6804","title":{"rendered":"Estudio Viernes 6 de marzo 2015"},"content":{"rendered":"<p><b>\u00bb\u00c9ste es mi siervo, a quien sostengo, mi escogido, en quien me deleito; sobre \u00e9l he puesto mi Esp\u00edritu, y llevar\u00e1 justicia a las naciones. No clamar\u00e1, ni gritar\u00e1, ni alzar\u00e1 su voz por las calles. No acabar\u00e1 de romper la ca\u00f1a quebrada, ni apagar\u00e1 la mecha que apenas arde. Con fidelidad har\u00e1 justicia; no vacilar\u00e1 ni se desanimar\u00e1 hasta implantar la justicia en la tierra. Las costas lejanas esperan su ense\u00f1anza.\u00bb<\/b><\/p>\n<p><b>\u00abYo, el Se\u00f1or, te he llamado en justicia; te he tomado de la mano. Yo te form\u00e9, yo te constitu\u00ed como pacto para el pueblo, como luz para las naciones, para abrir los ojos de los ciegos, para librar de la c\u00e1rcel a los presos, y del calabozo a los que habitan en tinieblas. \u00bbYo soy el Se\u00f1or; \u00a1\u00e9se es mi nombre! No entrego a otros mi gloria, ni mi alabanza a los \u00eddolos. Las cosas pasadas se han cumplido, y ahora anuncio cosas nuevas; \u00a1las anuncio antes que sucedan!\u00bb<\/b><\/p>\n<p><b>\u00bbSordos, \u00a1escuchen! Ciegos, \u00a1f\u00edjense bien! \u00bfQui\u00e9n es m\u00e1s ciego que mi siervo, y m\u00e1s sordo que mi mensajero? \u00bfQui\u00e9n es m\u00e1s ciego que mi enviado, y m\u00e1s ciego que el siervo del Se\u00f1or?<\/b><\/p>\n<p><b>Por eso el Se\u00f1or derram\u00f3 sobre \u00e9l su ardiente ira y el furor de la guerra. Lo envolvi\u00f3 en llamas, pero no comprendi\u00f3; lo consumi\u00f3, pero no lo tom\u00f3 en serio. (\u202dIsa\u00edas\u202c \u202d42\u202c:\u202d1-4, 6-9, 18-19, 25\u202c NVI)<\/b><\/p>\n<p><img decoding=\"async\" src=\"http:\/\/damas.laiglesiadelacomunidad.com\/wp-content\/uploads\/2015\/03\/IMG_0635.jpg\" alt=\"\"><b><br \/><\/b><\/p>\n","protected":false},"excerpt":{"rendered":"<p>\u00bb\u00c9ste es mi siervo, a quien sostengo, mi escogido, en quien me deleito; sobre \u00e9l he puesto mi Esp\u00edritu, y llevar\u00e1 justicia a las naciones. No clamar\u00e1, ni gritar\u00e1, ni alzar\u00e1 su voz por las calles. No acabar\u00e1 de romper la ca\u00f1a quebrada, ni apagar\u00e1 la mecha que apenas arde. Con fidelidad har\u00e1 justicia; no &hellip; <a href=\"http:\/\/damas.laiglesiadelacomunidad.com\/?p=6804\" class=\"more-link\">Continue reading <span class=\"screen-reader-text\">Estudio Viernes 6 de marzo 2015<\/span> <span class=\"meta-nav\">&rarr;<\/span><\/a><\/p>\n","protected":false},"author":2,"featured_media":0,"comment_status":"open","ping_status":"open","sticky":false,"template":"","format":"gallery","meta":{"footnotes":""},"categories":[6],"tags":[],"_links":{"self":[{"href":"http:\/\/damas.laiglesiadelacomunidad.com\/index.php?rest_route=\/wp\/v2\/posts\/6804"}],"collection":[{"href":"http:\/\/damas.laiglesiadelacomunidad.com\/index.php?rest_route=\/wp\/v2\/posts"}],"about":[{"href":"http:\/\/damas.laiglesiadelacomunidad.com\/index.php?rest_route=\/wp\/v2\/types\/post"}],"author":[{"embeddable":true,"href":"http:\/\/damas.laiglesiadelacomunidad.com\/index.php?rest_route=\/wp\/v2\/users\/2"}],"replies":[{"embeddable":true,"href":"http:\/\/damas.laiglesiadelacomunidad.com\/index.php?rest_route=%2Fwp%2Fv2%2Fcomments&post=6804"}],"version-history":[{"count":3,"href":"http:\/\/damas.laiglesiadelacomunidad.com\/index.php?rest_route=\/wp\/v2\/posts\/6804\/revisions"}],"predecessor-version":[{"id":6807,"href":"http:\/\/damas.laiglesiadelacomunidad.com\/index.php?rest_route=\/wp\/v2\/posts\/6804\/revisions\/6807"}],"wp:attachment":[{"href":"http:\/\/damas.laiglesiadelacomunidad.com\/index.php?rest_route=%2Fwp%2Fv2%2Fmedia&parent=6804"}],"wp:term":[{"taxonomy":"category","embeddable":true,"href":"http:\/\/damas.laiglesiadelacomunidad.com\/index.php?rest_route=%2Fwp%2Fv2%2Fcategories&post=6804"},{"taxonomy":"post_tag","embeddable":true,"href":"http:\/\/damas.laiglesiadelacomunidad.com\/index.php?rest_route=%2Fwp%2Fv2%2Ftags&post=6804"}],"curies":[{"name":"wp","href":"https:\/\/api.w.org\/{rel}","templated":true}]}}