{"id":6796,"date":"2015-03-05T21:34:37","date_gmt":"2015-03-06T03:34:37","guid":{"rendered":"http:\/\/damas.laiglesiadelacomunidad.com\/?p=6796"},"modified":"2015-03-06T11:44:28","modified_gmt":"2015-03-06T17:44:28","slug":"estudio-jueves-4-de-marzo-2015","status":"publish","type":"post","link":"http:\/\/damas.laiglesiadelacomunidad.com\/?p=6796","title":{"rendered":"Estudio jueves 5 de marzo 2015"},"content":{"rendered":"<p><b>sepan todos ustedes, y todo el pueblo de Israel, que este hombre est\u00e1 sano en presencia de ustedes gracias al nombre de Jesucristo de Nazaret, a quien ustedes crucificaron y a quien Dios resucit\u00f3 de los muertos. Este Jes\u00fas es la piedra que ustedes, los edificadores, rechazaron, y que no obstante ha llegado a ser la piedra angular. En ning\u00fan otro hay salvaci\u00f3n, porque no se ha dado a la humanidad ning\u00fan otro nombre bajo el cielo mediante el cual podamos alcanzar la salvaci\u00f3n.\u00bb<\/b><\/p>\n<p><b>Y se preguntaban: \u00ab\u00bfQu\u00e9 vamos a hacer con estos hombres? Tenemos que admitir que lo que han hecho es una se\u00f1al innegable. Esto es evidente para todos los que viven en Jerusal\u00e9n, y no lo podemos negar.<\/b><\/p>\n<p><b>Pero Pedro y Juan les respondieron: \u00abJuzguen ustedes: \u00bfEs justo delante de Dios obedecerlos a ustedes antes que a \u00e9l? Porque nosotros no podemos dejar de hablar acerca de lo que hemos visto y o\u00eddo.\u00bb<\/b><\/p>\n<p><b>Ahora, Se\u00f1or, mira sus amenazas, y concede a estos siervos tuyos proclamar tu palabra sin ning\u00fan temor. Extiende tambi\u00e9n tu mano, y permite que se hagan sanidades y se\u00f1ales y prodigios en el nombre de tu santo Hijo Jes\u00fas.\u00bb Cuando terminaron de orar, el lugar donde estaban congregados se sacudi\u00f3, y todos fueron llenos del Esp\u00edritu Santo y proclamaban la palabra de Dios sin ning\u00fan temor.<\/b><\/p>\n<p><b>Y los ap\u00f3stoles daban un testimonio poderoso de la resurrecci\u00f3n del Se\u00f1or Jes\u00fas, y la gracia de Dios sobreabundaba en todos ellos. (\u202dHechos\u202c \u202d4\u202c:\u202d10-12, 16, 19-20, 29-31, 33\u202c RVC)<\/b><\/p>\n<p><b>Entonces Pedro le dijo: \u00abAnan\u00edas, \u00bfpor qu\u00e9 le permitiste a Satan\u00e1s que entrara en ti para mentirle al Esp\u00edritu Santo y sustraer parte de tu dinero? \u00bfAcaso el terreno no era tuyo? Y, si lo vend\u00edas, \u00bfacaso no era tuyo el dinero? \u00bfPor qu\u00e9 decidiste hacer esto? No les has mentido a los hombres, sino a Dios.\u00bb Al o\u00edr Anan\u00edas estas palabras, cay\u00f3 muerto. Y a todos los que se enteraron les entr\u00f3 mucho miedo.<\/b><\/p>\n<p><b>Pedro le dijo entonces: \u00ab\u00bfPor qu\u00e9 se pusieron de acuerdo para poner a prueba al Esp\u00edritu del Se\u00f1or? \u00a1Mira!, aqu\u00ed vienen los que fueron a sepultar a tu marido, y ellos te sacar\u00e1n tambi\u00e9n a ti.\u00bb<\/b><\/p>\n<p><b>Esto hizo que toda la iglesia y todos los que supieron esto se llenaran de mucho miedo.<\/b> (\u202dHechos\u202c \u202d5\u202c:\u202d3-5, 9, 11\u202c RVC)<\/p>\n<p><img decoding=\"async\" src=\"http:\/\/damas.laiglesiadelacomunidad.com\/wp-content\/uploads\/2015\/03\/IMG_0628.jpg\" alt=\"\"><\/p>\n<p><img decoding=\"async\" src=\"http:\/\/damas.laiglesiadelacomunidad.com\/wp-content\/uploads\/2015\/03\/IMG_0629.jpg\" alt=\"\"><\/p>\n<p><img decoding=\"async\" src=\"http:\/\/damas.laiglesiadelacomunidad.com\/wp-content\/uploads\/2015\/03\/IMG_0630.jpg\" alt=\"\"><\/p>\n<p><img decoding=\"async\" src=\"http:\/\/damas.laiglesiadelacomunidad.com\/wp-content\/uploads\/2015\/03\/IMG_0631.jpg\" alt=\"\"><\/p>\n","protected":false},"excerpt":{"rendered":"<p>sepan todos ustedes, y todo el pueblo de Israel, que este hombre est\u00e1 sano en presencia de ustedes gracias al nombre de Jesucristo de Nazaret, a quien ustedes crucificaron y a quien Dios resucit\u00f3 de los muertos. Este Jes\u00fas es la piedra que ustedes, los edificadores, rechazaron, y que no obstante ha llegado a ser &hellip; <a href=\"http:\/\/damas.laiglesiadelacomunidad.com\/?p=6796\" class=\"more-link\">Continue reading <span class=\"screen-reader-text\">Estudio jueves 5 de marzo 2015<\/span> <span class=\"meta-nav\">&rarr;<\/span><\/a><\/p>\n","protected":false},"author":2,"featured_media":0,"comment_status":"open","ping_status":"open","sticky":false,"template":"","format":"gallery","meta":{"footnotes":""},"categories":[6],"tags":[],"_links":{"self":[{"href":"http:\/\/damas.laiglesiadelacomunidad.com\/index.php?rest_route=\/wp\/v2\/posts\/6796"}],"collection":[{"href":"http:\/\/damas.laiglesiadelacomunidad.com\/index.php?rest_route=\/wp\/v2\/posts"}],"about":[{"href":"http:\/\/damas.laiglesiadelacomunidad.com\/index.php?rest_route=\/wp\/v2\/types\/post"}],"author":[{"embeddable":true,"href":"http:\/\/damas.laiglesiadelacomunidad.com\/index.php?rest_route=\/wp\/v2\/users\/2"}],"replies":[{"embeddable":true,"href":"http:\/\/damas.laiglesiadelacomunidad.com\/index.php?rest_route=%2Fwp%2Fv2%2Fcomments&post=6796"}],"version-history":[{"count":4,"href":"http:\/\/damas.laiglesiadelacomunidad.com\/index.php?rest_route=\/wp\/v2\/posts\/6796\/revisions"}],"predecessor-version":[{"id":6808,"href":"http:\/\/damas.laiglesiadelacomunidad.com\/index.php?rest_route=\/wp\/v2\/posts\/6796\/revisions\/6808"}],"wp:attachment":[{"href":"http:\/\/damas.laiglesiadelacomunidad.com\/index.php?rest_route=%2Fwp%2Fv2%2Fmedia&parent=6796"}],"wp:term":[{"taxonomy":"category","embeddable":true,"href":"http:\/\/damas.laiglesiadelacomunidad.com\/index.php?rest_route=%2Fwp%2Fv2%2Fcategories&post=6796"},{"taxonomy":"post_tag","embeddable":true,"href":"http:\/\/damas.laiglesiadelacomunidad.com\/index.php?rest_route=%2Fwp%2Fv2%2Ftags&post=6796"}],"curies":[{"name":"wp","href":"https:\/\/api.w.org\/{rel}","templated":true}]}}