{"id":6779,"date":"2015-03-04T23:34:06","date_gmt":"2015-03-05T05:34:06","guid":{"rendered":"http:\/\/damas.laiglesiadelacomunidad.com\/?p=6779"},"modified":"2015-03-04T23:34:06","modified_gmt":"2015-03-05T05:34:06","slug":"estudio-4-de-marzo-2015","status":"publish","type":"post","link":"http:\/\/damas.laiglesiadelacomunidad.com\/?p=6779","title":{"rendered":"Estudio 4 de Marzo 2015"},"content":{"rendered":"<p>Gracias Se\u00f1or por tan linda noche, gracias por hablarnos a traves de Tu palabra y hacernos entender la importancia de leerla y meditarla todos los d\u00edas.<\/p>\n<p>Estamos estudiando las bienaventuranzas y vemos como las bienaventuiranzas son la obra que hace Dios en nosotros cuando le seguimos, cuando vemos nuestro pecado y nos arrepentimos de todo coraz\u00f3n que hasta sentimos que se nos desgarra por dentro por haber desobedecido a nuestro Padre, nos ense\u00f1an lo que pasa por reconocer la maldad que hay en nosotros.<\/p>\n<p>Hoy estudiamos una historia de arrepentimiento digna de imitar y es la historia de David un hombre \u00a0que ten\u00eda un gran amor para Dios, vimos su gran pecado y como su arrepentimiento lo llevo a obedcer y aceptar las consecuencias de dicho pecado, con su pecado hubo muerte de un ser y con su confesi\u00f3n y arrepentimiento acept\u00f3 la consecuencia que fue la muerte de su hijo.<\/p>\n<p class=\"chapter-2\"><strong><span id=\"es-RVC-8263\" class=\"text 2Sam-11-3\">Al preguntar qui\u00e9n era ella, le dijeron que se llamaba Betsab\u00e9, y que era hija de Eli\u00e1n y esposa de Ur\u00edas el hitita.<span style=\"font-size: 12px; line-height: 0px;\">\u00a0<\/span><\/span><span id=\"es-RVC-8264\" class=\"text 2Sam-11-4\">Entonces David orden\u00f3 que la llevaran a su presencia, y ella se present\u00f3 ante \u00e9l, y \u00e9l la tom\u00f3 y se acost\u00f3 con ella. Despu\u00e9s de tener relaciones, ella se purific\u00f3 y regres\u00f3 a su casa.<\/span><span id=\"es-RVC-8265\" class=\"text 2Sam-11-5\"><sup class=\"versenum\">\u00a0<\/sup>Pero Betsab\u00e9 qued\u00f3 embarazada y, cuando se dio cuenta, se lo hizo saber a David.<\/span> <span id=\"es-RVC-8266\" class=\"text 2Sam-11-6\"><sup class=\"versenum\">\u00a0<\/sup>Entonces David envi\u00f3 un mensaje a Joab, orden\u00e1ndole que hiciera volver a Ur\u00edas el hitita. Joab cumpli\u00f3 sus \u00f3rdenes,<\/span> <span id=\"es-RVC-8267\" class=\"text 2Sam-11-7\"><sup class=\"versenum\">\u00a0<\/sup>y cuando Ur\u00edas se present\u00f3 ante David, \u00e9ste le pregunt\u00f3 c\u00f3mo estaban Joab y los soldados, y c\u00f3mo se iba desarrollando la guerra.<\/span> <span id=\"es-RVC-8268\" class=\"text 2Sam-11-8\">Despu\u00e9s de eso, David le dijo a Ur\u00edas:<\/span>\u00abVete a tu casa, y ponte c\u00f3modo.\u00bb<\/strong>2 Samuel 11:2-8<\/p>\n<p><em><span id=\"es-RVC-8272\" class=\"text 2Sam-11-12\">Entonces David le dijo a Ur\u00edas:<\/span><span class=\"text 2Sam-11-12\">\u00abQu\u00e9date todav\u00eda hoy, y ma\u00f1ana te enviar\u00e9 de nuevo al campo de batalla.\u00bb\u00a0<\/span><span class=\"text 2Sam-11-12\">Y Ur\u00edas se qued\u00f3 en Jerusal\u00e9n ese d\u00eda y el siguiente,<\/span> <span id=\"es-RVC-8273\" class=\"text 2Sam-11-13\">y David lo invit\u00f3 a comer y a beber, hasta que lo embriag\u00f3, pero m\u00e1s tarde Ur\u00edas no regres\u00f3 a su casa, sino que se fue a dormir junto con los siervos del rey.<\/span> <span id=\"es-RVC-8274\" class=\"text 2Sam-11-14\"><sup class=\"versenum\">\u00a0<\/sup>Por la ma\u00f1ana, David escribi\u00f3 una carta para Joab, y la envi\u00f3 por medio de Ur\u00edas.<\/span> <span id=\"es-RVC-8275\" class=\"text 2Sam-11-15\"><sup class=\"versenum\">\u00a0<\/sup>Esa carta dec\u00eda:<\/span>\u00abPon a Ur\u00edas al frente y en lo m\u00e1s recio de la batalla, y d\u00e9jalo solo, para que el enemigo lo hiera de muerte.\u00bb<\/em> 2 Samuel 11:14-15<\/p>\n<p><strong><span id=\"es-RVC-8294\" class=\"text 2Sam-12-7\">Entonces Nat\u00e1n le dijo:\u00a0<\/span><span class=\"text 2Sam-12-7\">\u00ab\u00a1T\u00fa eres ese hombre! As\u00ed ha dicho el Se\u00f1or, Dios de Israel: \u201cYo te consagr\u00e9 como rey de Israel; yo te libr\u00e9 del poder de Sa\u00fal,<\/span> <span id=\"es-RVC-8295\" class=\"text 2Sam-12-8\">yo te di el palacio que fue de tu se\u00f1or, y puse en tus brazos sus mujeres. Adem\u00e1s, yo te entregu\u00e9 las tribus de Israel y de Jud\u00e1 y, por si esto fuera poco, yo estaba dispuesto a darte mucho m\u00e1s.\u201d<\/span> <span id=\"es-RVC-8296\" class=\"text 2Sam-12-9\">\u00bfPor qu\u00e9 menospreciaste la palabra del Se\u00f1or, y actuaste mal delante de sus ojos? Al hitita Ur\u00edas lo mataste por medio de la espada de los amonitas, para quedarte con su mujer.<\/span> <\/strong><span id=\"es-RVC-8297\" class=\"text 2Sam-12-10\"><strong>\u201cAhora, en castigo, la violencia jam\u00e1s se apartar\u00e1 de tu propia familia, pues menospreciaste al Se\u00f1or y tomaste como mujer a la esposa de Ur\u00edas el hitita.\u201d<\/strong> 2 Samuel 12:7-10<\/span><\/p>\n<p><em><span id=\"es-RVC-8300\" class=\"text 2Sam-12-13\">David le respondi\u00f3 a Nat\u00e1n:<\/span>\u00abReconozco que he pecado contra el Se\u00f1or.\u00bb\u00a0Y Nat\u00e1n le dijo:<span class=\"text 2Sam-12-13\">\u00abEl Se\u00f1or ha perdonado tu pecado, y no vas a morir.<\/span> <\/em><span id=\"es-RVC-8301\" class=\"text 2Sam-12-14\"><em>Pero como los enemigos del Se\u00f1or hablan mal de \u00e9l por causa de este pecado tuyo, tu hijo reci\u00e9n nacido tiene que morir.\u00bb<\/em> 2 Samuel 12:13-14<\/span><\/p>\n<p><strong><span class=\"chapter-2\"><span class=\"text Ps-51-1\">Dios m\u00edo,<\/span><\/span><\/strong><br \/>\n<strong><span class=\"text Ps-51-1\">por tu gran misericordia, \u00a1ten piedad de m\u00ed!;<\/span><\/strong><br \/>\n<strong><span class=\"text Ps-51-1\">por tu infinita bondad, \u00a1borra mis rebeliones!<\/span><\/strong><br \/>\n<strong><span id=\"es-RVC-14695\" class=\"text Ps-51-2\">L\u00e1vame m\u00e1s y m\u00e1s de mi maldad;<\/span><\/strong><br \/>\n<strong><span class=\"text Ps-51-2\">\u00a1l\u00edmpiame de mi pecado!<\/span><\/strong><br \/>\n<strong><span id=\"es-RVC-14696\" class=\"text Ps-51-3\">Reconozco que he sido rebelde;<\/span><\/strong><br \/>\n<strong><span class=\"text Ps-51-3\">\u00a1mi pecado est\u00e1 siempre ante mis ojos!\u00a0<\/span><\/strong><\/p>\n<p><strong><span id=\"es-RVC-14703\" class=\"text Ps-51-10\">Dios m\u00edo,<\/span><\/strong><br \/>\n<strong><span class=\"text Ps-51-10\">\u00a1crea en m\u00ed un coraz\u00f3n limpio!<\/span><\/strong><br \/>\n<strong><span class=\"text Ps-51-10\">\u00a1Renueva en m\u00ed un esp\u00edritu de rectitud!<\/span><\/strong><br \/>\n<strong><span id=\"es-RVC-14704\" class=\"text Ps-51-11\">\u00a1No me despidas de tu presencia,<\/span><\/strong><br \/>\n<strong><span class=\"text Ps-51-11\">ni quites de m\u00ed tu santo esp\u00edritu!<\/span><\/strong><br \/>\n<strong><span id=\"es-RVC-14705\" class=\"text Ps-51-12\">\u00a1Devu\u00e9lveme el gozo de tu salvaci\u00f3n!<\/span><\/strong><br \/>\n<strong><span class=\"text Ps-51-12\">\u00a1Dame un esp\u00edritu dispuesto a obedecerte!<\/span><\/strong><br \/>\n<strong><span id=\"es-RVC-14706\" class=\"text Ps-51-13\">As\u00ed instruir\u00e9 a los pecadores en tus caminos;<\/span><\/strong><br \/>\n<span class=\"text Ps-51-13\"><strong>as\u00ed los pecadores se volver\u00e1n a ti.<\/strong> Salmos 51:1-3, 10-13<\/span><\/p>\n<p>Se\u00f1or te pedimos que nos des un coraz\u00f3n que este dispuesto a confesar nuestro pecado y este estemos dispuestos a arrepentirnos y que demos frutos dignos de arrepentimiento, que no apartes Tu Esp\u00edritu Santo de nosotros, te lo pedimos en nombre de Tu hijo amado, am\u00e9n.<\/p>\n<p>Las quiero chicas, que Dios las siga bendiciendo con esos deseos de confesi\u00f3n y arrepentimiento que ha puesto en sus corazones.<\/p>\n<p>Las quiero mucho.<\/p>\n<p>Jackie C.<\/p>\n<p><a href=\"http:\/\/damas.laiglesiadelacomunidad.com\/?attachment_id=6780\" rel=\"attachment wp-att-6780\"><img loading=\"lazy\" decoding=\"async\" class=\"alignnone size-full wp-image-6780\" src=\"http:\/\/damas.laiglesiadelacomunidad.com\/wp-content\/uploads\/2015\/03\/2015-03-04-23.04.38.jpg\" alt=\"2015-03-04 23.04.38\" width=\"1280\" height=\"960\" srcset=\"http:\/\/damas.laiglesiadelacomunidad.com\/wp-content\/uploads\/2015\/03\/2015-03-04-23.04.38.jpg 1280w, http:\/\/damas.laiglesiadelacomunidad.com\/wp-content\/uploads\/2015\/03\/2015-03-04-23.04.38-300x225.jpg 300w, http:\/\/damas.laiglesiadelacomunidad.com\/wp-content\/uploads\/2015\/03\/2015-03-04-23.04.38-1024x768.jpg 1024w\" sizes=\"(max-width: 1280px) 100vw, 1280px\" \/><\/a> <a href=\"http:\/\/damas.laiglesiadelacomunidad.com\/?attachment_id=6781\" rel=\"attachment wp-att-6781\"><img loading=\"lazy\" decoding=\"async\" class=\"alignnone size-full wp-image-6781\" src=\"http:\/\/damas.laiglesiadelacomunidad.com\/wp-content\/uploads\/2015\/03\/2015-03-04-23.04.42.jpg\" alt=\"2015-03-04 23.04.42\" width=\"960\" height=\"1280\" srcset=\"http:\/\/damas.laiglesiadelacomunidad.com\/wp-content\/uploads\/2015\/03\/2015-03-04-23.04.42.jpg 960w, http:\/\/damas.laiglesiadelacomunidad.com\/wp-content\/uploads\/2015\/03\/2015-03-04-23.04.42-225x300.jpg 225w, http:\/\/damas.laiglesiadelacomunidad.com\/wp-content\/uploads\/2015\/03\/2015-03-04-23.04.42-768x1024.jpg 768w\" sizes=\"(max-width: 960px) 100vw, 960px\" \/><\/a> <a href=\"http:\/\/damas.laiglesiadelacomunidad.com\/?attachment_id=6782\" rel=\"attachment wp-att-6782\"><img loading=\"lazy\" decoding=\"async\" class=\"alignnone size-full wp-image-6782\" src=\"http:\/\/damas.laiglesiadelacomunidad.com\/wp-content\/uploads\/2015\/03\/2015-03-04-23.04.45.jpg\" alt=\"2015-03-04 23.04.45\" width=\"1280\" height=\"1280\" srcset=\"http:\/\/damas.laiglesiadelacomunidad.com\/wp-content\/uploads\/2015\/03\/2015-03-04-23.04.45.jpg 1280w, http:\/\/damas.laiglesiadelacomunidad.com\/wp-content\/uploads\/2015\/03\/2015-03-04-23.04.45-150x150.jpg 150w, http:\/\/damas.laiglesiadelacomunidad.com\/wp-content\/uploads\/2015\/03\/2015-03-04-23.04.45-300x300.jpg 300w, http:\/\/damas.laiglesiadelacomunidad.com\/wp-content\/uploads\/2015\/03\/2015-03-04-23.04.45-1024x1024.jpg 1024w\" sizes=\"(max-width: 1280px) 100vw, 1280px\" \/><\/a> <a href=\"http:\/\/damas.laiglesiadelacomunidad.com\/?attachment_id=6783\" rel=\"attachment wp-att-6783\"><img loading=\"lazy\" decoding=\"async\" class=\"alignnone size-full wp-image-6783\" src=\"http:\/\/damas.laiglesiadelacomunidad.com\/wp-content\/uploads\/2015\/03\/2015-03-04-23.04.50.jpg\" alt=\"2015-03-04 23.04.50\" width=\"1280\" height=\"1280\" srcset=\"http:\/\/damas.laiglesiadelacomunidad.com\/wp-content\/uploads\/2015\/03\/2015-03-04-23.04.50.jpg 1280w, http:\/\/damas.laiglesiadelacomunidad.com\/wp-content\/uploads\/2015\/03\/2015-03-04-23.04.50-150x150.jpg 150w, http:\/\/damas.laiglesiadelacomunidad.com\/wp-content\/uploads\/2015\/03\/2015-03-04-23.04.50-300x300.jpg 300w, http:\/\/damas.laiglesiadelacomunidad.com\/wp-content\/uploads\/2015\/03\/2015-03-04-23.04.50-1024x1024.jpg 1024w\" sizes=\"(max-width: 1280px) 100vw, 1280px\" \/><\/a> <a href=\"http:\/\/damas.laiglesiadelacomunidad.com\/?attachment_id=6784\" rel=\"attachment wp-att-6784\"><img loading=\"lazy\" decoding=\"async\" class=\"alignnone size-full wp-image-6784\" src=\"http:\/\/damas.laiglesiadelacomunidad.com\/wp-content\/uploads\/2015\/03\/2015-03-04-23.04.54.jpg\" alt=\"2015-03-04 23.04.54\" width=\"1280\" height=\"960\" srcset=\"http:\/\/damas.laiglesiadelacomunidad.com\/wp-content\/uploads\/2015\/03\/2015-03-04-23.04.54.jpg 1280w, http:\/\/damas.laiglesiadelacomunidad.com\/wp-content\/uploads\/2015\/03\/2015-03-04-23.04.54-300x225.jpg 300w, http:\/\/damas.laiglesiadelacomunidad.com\/wp-content\/uploads\/2015\/03\/2015-03-04-23.04.54-1024x768.jpg 1024w\" sizes=\"(max-width: 1280px) 100vw, 1280px\" \/><\/a> <a href=\"http:\/\/damas.laiglesiadelacomunidad.com\/?attachment_id=6785\" rel=\"attachment wp-att-6785\"><img loading=\"lazy\" decoding=\"async\" class=\"alignnone size-full wp-image-6785\" src=\"http:\/\/damas.laiglesiadelacomunidad.com\/wp-content\/uploads\/2015\/03\/2015-03-04-23.04.57-e1425533608479.jpg\" alt=\"2015-03-04 23.04.57\" width=\"1280\" height=\"960\" srcset=\"http:\/\/damas.laiglesiadelacomunidad.com\/wp-content\/uploads\/2015\/03\/2015-03-04-23.04.57-e1425533608479.jpg 1280w, http:\/\/damas.laiglesiadelacomunidad.com\/wp-content\/uploads\/2015\/03\/2015-03-04-23.04.57-e1425533608479-300x225.jpg 300w, http:\/\/damas.laiglesiadelacomunidad.com\/wp-content\/uploads\/2015\/03\/2015-03-04-23.04.57-e1425533608479-1024x768.jpg 1024w\" sizes=\"(max-width: 1280px) 100vw, 1280px\" \/><\/a><\/p>\n","protected":false},"excerpt":{"rendered":"<p>Gracias Se\u00f1or por tan linda noche, gracias por hablarnos a traves de Tu palabra y hacernos entender la importancia de leerla y meditarla todos los d\u00edas. Estamos estudiando las bienaventuranzas y vemos como las bienaventuiranzas son la obra que hace Dios en nosotros cuando le seguimos, cuando vemos nuestro pecado y nos arrepentimos de todo &hellip; <a href=\"http:\/\/damas.laiglesiadelacomunidad.com\/?p=6779\" class=\"more-link\">Continue reading <span class=\"screen-reader-text\">Estudio 4 de Marzo 2015<\/span> <span class=\"meta-nav\">&rarr;<\/span><\/a><\/p>\n","protected":false},"author":2,"featured_media":0,"comment_status":"open","ping_status":"open","sticky":false,"template":"","format":"gallery","meta":{"footnotes":""},"categories":[6],"tags":[],"_links":{"self":[{"href":"http:\/\/damas.laiglesiadelacomunidad.com\/index.php?rest_route=\/wp\/v2\/posts\/6779"}],"collection":[{"href":"http:\/\/damas.laiglesiadelacomunidad.com\/index.php?rest_route=\/wp\/v2\/posts"}],"about":[{"href":"http:\/\/damas.laiglesiadelacomunidad.com\/index.php?rest_route=\/wp\/v2\/types\/post"}],"author":[{"embeddable":true,"href":"http:\/\/damas.laiglesiadelacomunidad.com\/index.php?rest_route=\/wp\/v2\/users\/2"}],"replies":[{"embeddable":true,"href":"http:\/\/damas.laiglesiadelacomunidad.com\/index.php?rest_route=%2Fwp%2Fv2%2Fcomments&post=6779"}],"version-history":[{"count":1,"href":"http:\/\/damas.laiglesiadelacomunidad.com\/index.php?rest_route=\/wp\/v2\/posts\/6779\/revisions"}],"predecessor-version":[{"id":6786,"href":"http:\/\/damas.laiglesiadelacomunidad.com\/index.php?rest_route=\/wp\/v2\/posts\/6779\/revisions\/6786"}],"wp:attachment":[{"href":"http:\/\/damas.laiglesiadelacomunidad.com\/index.php?rest_route=%2Fwp%2Fv2%2Fmedia&parent=6779"}],"wp:term":[{"taxonomy":"category","embeddable":true,"href":"http:\/\/damas.laiglesiadelacomunidad.com\/index.php?rest_route=%2Fwp%2Fv2%2Fcategories&post=6779"},{"taxonomy":"post_tag","embeddable":true,"href":"http:\/\/damas.laiglesiadelacomunidad.com\/index.php?rest_route=%2Fwp%2Fv2%2Ftags&post=6779"}],"curies":[{"name":"wp","href":"https:\/\/api.w.org\/{rel}","templated":true}]}}