{"id":6775,"date":"2015-03-04T07:55:44","date_gmt":"2015-03-04T13:55:44","guid":{"rendered":"http:\/\/damas.laiglesiadelacomunidad.com\/?p=6775"},"modified":"2015-03-04T00:00:02","modified_gmt":"2015-03-04T06:00:02","slug":"versiculos-para-meditar-109","status":"publish","type":"post","link":"http:\/\/damas.laiglesiadelacomunidad.com\/?p=6775","title":{"rendered":"Vers\u00edculos para Meditar\u00a0"},"content":{"rendered":"<p>\u00bfQu\u00e9 podr\u00e1 separarnos del amor de Cristo? \u00bfTribulaci\u00f3n, angustia, persecuci\u00f3n, hambre, desnudez, peligro, espada? Como est\u00e1 escrito: \u00abPor causa de ti siempre nos llevan a la muerte, somos contados como ovejas de matadero.\u00bb Sin embargo, en todo esto somos m\u00e1s que vencedores por medio de aquel que nos am\u00f3. Por lo cual estoy seguro de que ni la muerte, ni la vida, ni los \u00e1ngeles, ni los principados, ni las potestades, ni lo presente, ni lo por venir, ni lo alto, ni lo profundo, ni ninguna otra cosa creada nos podr\u00e1 separar del amor que Dios nos ha mostrado en Cristo Jes\u00fas nuestro Se\u00f1or. (\u202dRomanos\u202c \u202d8\u202c:\u202d35-39\u202c RVC)<\/p>\n","protected":false},"excerpt":{"rendered":"<p>\u00bfQu\u00e9 podr\u00e1 separarnos del amor de Cristo? \u00bfTribulaci\u00f3n, angustia, persecuci\u00f3n, hambre, desnudez, peligro, espada? Como est\u00e1 escrito: \u00abPor causa de ti siempre nos llevan a la muerte, somos contados como ovejas de matadero.\u00bb Sin embargo, en todo esto somos m\u00e1s que vencedores por medio de aquel que nos am\u00f3. Por lo cual estoy seguro de &hellip; <a href=\"http:\/\/damas.laiglesiadelacomunidad.com\/?p=6775\" class=\"more-link\">Continue reading <span class=\"screen-reader-text\">Vers\u00edculos para Meditar\u00a0<\/span> <span class=\"meta-nav\">&rarr;<\/span><\/a><\/p>\n","protected":false},"author":2,"featured_media":0,"comment_status":"open","ping_status":"open","sticky":false,"template":"","format":"chat","meta":{"footnotes":""},"categories":[5],"tags":[],"_links":{"self":[{"href":"http:\/\/damas.laiglesiadelacomunidad.com\/index.php?rest_route=\/wp\/v2\/posts\/6775"}],"collection":[{"href":"http:\/\/damas.laiglesiadelacomunidad.com\/index.php?rest_route=\/wp\/v2\/posts"}],"about":[{"href":"http:\/\/damas.laiglesiadelacomunidad.com\/index.php?rest_route=\/wp\/v2\/types\/post"}],"author":[{"embeddable":true,"href":"http:\/\/damas.laiglesiadelacomunidad.com\/index.php?rest_route=\/wp\/v2\/users\/2"}],"replies":[{"embeddable":true,"href":"http:\/\/damas.laiglesiadelacomunidad.com\/index.php?rest_route=%2Fwp%2Fv2%2Fcomments&post=6775"}],"version-history":[{"count":1,"href":"http:\/\/damas.laiglesiadelacomunidad.com\/index.php?rest_route=\/wp\/v2\/posts\/6775\/revisions"}],"predecessor-version":[{"id":6776,"href":"http:\/\/damas.laiglesiadelacomunidad.com\/index.php?rest_route=\/wp\/v2\/posts\/6775\/revisions\/6776"}],"wp:attachment":[{"href":"http:\/\/damas.laiglesiadelacomunidad.com\/index.php?rest_route=%2Fwp%2Fv2%2Fmedia&parent=6775"}],"wp:term":[{"taxonomy":"category","embeddable":true,"href":"http:\/\/damas.laiglesiadelacomunidad.com\/index.php?rest_route=%2Fwp%2Fv2%2Fcategories&post=6775"},{"taxonomy":"post_tag","embeddable":true,"href":"http:\/\/damas.laiglesiadelacomunidad.com\/index.php?rest_route=%2Fwp%2Fv2%2Ftags&post=6775"}],"curies":[{"name":"wp","href":"https:\/\/api.w.org\/{rel}","templated":true}]}}