{"id":6646,"date":"2015-02-25T23:15:52","date_gmt":"2015-02-26T05:15:52","guid":{"rendered":"http:\/\/damas.laiglesiadelacomunidad.com\/?p=6646"},"modified":"2015-02-27T16:31:49","modified_gmt":"2015-02-27T22:31:49","slug":"estudio-25-de-feb-2015","status":"publish","type":"post","link":"http:\/\/damas.laiglesiadelacomunidad.com\/?p=6646","title":{"rendered":"Estudio 25 de Feb. 2015"},"content":{"rendered":"<p>Gracias Se\u00f1or por \u00e9ste excelente estudio, que gran ense\u00f1anza nos has dado a traves de los testimonios, pruebas, predicaci\u00f3n y profes\u00edas que cada una ha experimentado en su vida.<\/p>\n<p>Gracias a todas por todas sus muestras de cari\u00f1o, estoy muy agradecida a Dios por cada una de ustedes, por darme una familia excepcional que se preocupa por mi bien esp\u00edritual \u00a0y mi salud.<\/p>\n<p>Hoy estudiamos &#8220;Felices los que reconocen que son malos&#8221; Muchas veces por compararnos con los demas pensamos que somos &#8220;buenos&#8221; o &#8220;mejores&#8221; vemos a otros por encima del hombro porque me creo m\u00e1s espiritual y hasta a veces menospreciamos a los dem\u00e1s por tener esta actitud de orgullo que lejos de acercarnos Dios nos lleva lejos de \u00c9l. Esta percepci\u00f3n que tenemos de nosotros mismos cambia hasta como nos acercamos ante Dios afectando as\u00ed nuestra adoraci\u00f3n a Dios y como interactuamos con \u00c9l, y la respuesta de \u00c9l ante este orgullo la veremos en los siguientes vers\u00edculos.<\/p>\n<p><span style=\"color: #ff0000;\"><strong>Bienaventurados los pobres en esp\u00edritu, porque de ellos es el reino de los cielos.\u00a0<\/strong><span style=\"color: #000000;\">Mateo 5:3<\/span><\/span><\/p>\n<p><strong><span class=\"text Luke-18-9\">A unos que a s\u00ed mismos se consideraban justos y menospreciaban a los dem\u00e1s, Jes\u00fas les dijo esta par\u00e1bola:<\/span><span id=\"es-RVC-25700\" class=\"text Luke-18-10\"><sup class=\"versenum\"><span style=\"color: #ff0000;\">\u00a0<\/span><\/sup><span style=\"color: #ff0000;\">\u00abDos hombres fueron al templo a orar: uno de ellos era fariseo, y el otro era cobrador de impuestos.<\/span><\/span><span style=\"color: #ff0000;\"> <span id=\"es-RVC-25701\" class=\"text Luke-18-11\">Puesto de pie, el fariseo oraba consigo mismo de esta manera: \u201cDios m\u00edo, te doy gracias porque no soy como los dem\u00e1s, que son ladrones, injustos y ad\u00falteros. \u00a1Ni siquiera soy como este cobrador de impuestos!<\/span> <span id=\"es-RVC-25702\" class=\"text Luke-18-12\">Ayuno dos veces a la semana, y doy la d\u00e9cima parte de todo lo que gano.\u201d<\/span> <span id=\"es-RVC-25703\" class=\"text Luke-18-13\"><sup class=\"versenum\">\u00a0<\/sup>Pero el cobrador de impuestos, desde lejos, no se atrev\u00eda siquiera a levantar los ojos al cielo, sino que se golpeaba el pecho y dec\u00eda: \u201cDios m\u00edo, ten misericordia de m\u00ed, porque soy un pecador.\u201d<\/span> <span id=\"es-RVC-25704\" class=\"text Luke-18-14\">Yo les digo que \u00e9ste volvi\u00f3 a su casa justificado, y no el otro. Porque cualquiera que se enaltece, ser\u00e1 humillado; y el que se humilla ser\u00e1 enaltecido.\u00bb\u00a0<\/span><\/span><\/strong><span style=\"color: #000000;\"><span id=\"es-RVC-25704\" class=\"text Luke-18-14\">Lucas 18:9-14<\/span><\/span><\/p>\n<p><strong><span style=\"color: #ff0000;\">Porque todo el que se enaltece, ser\u00e1 humillado; y el que se humilla, ser\u00e1 enaltecido.\u00bb\u00a0<\/span><\/strong><span style=\"color: #000000;\">Lucas 14:11<\/span><\/p>\n<p><span style=\"color: #ff0000;\"><strong><span id=\"es-RVC-23930\" class=\"text Matt-23-10\">Tampoco se hagan llamar \u201cmaestros\u201d, porque s\u00f3lo uno es su Maestro, y es el Cristo.<\/span> <span id=\"es-RVC-23931\" class=\"text Matt-23-11\">El que sea m\u00e1s importante entre ustedes, sea siervo de todos.<\/span><\/strong><\/span><span id=\"es-RVC-23932\" class=\"text Matt-23-12\"><span style=\"color: #ff0000;\"><strong><sup class=\"versenum\">\u00a0<\/sup>Porque el que se enaltece ser\u00e1 humillado, y el que se humilla ser\u00e1 enaltecido.<\/strong><\/span> Mateo 23:10-12<\/span><\/p>\n<p><span style=\"color: #000000;\">Se\u00f1or gracias por ser tan bueno con nosotras, gracias por tu perd\u00f3n y por tu Gracia, te pedimos Padre que nos quites el orgullo de nuestro coraz\u00f3n, que tu Esp\u00edritu Santo nos ense\u00f1e nuestro pecado y nos lleve al arrepentimiento, no permitas que nos volvamos ciegas y orgullosas Padre. Te lo pedimos en nombre de Tu hijo amado; Am\u00e9n.<\/span><\/p>\n<p>Gracias por quedarse a celebrar el cumplea\u00f1os de Lizzy a pesar del clima, ustedes son tan buenas amigas, Lizzy we LOVE U monton.<\/p>\n<p>Tengan un buen fin de semana, Dios las bendiga;<\/p>\n<p>Jackie C.<\/p>\n<p><a href=\"http:\/\/damas.laiglesiadelacomunidad.com\/?attachment_id=6647\" rel=\"attachment wp-att-6647\"><img loading=\"lazy\" decoding=\"async\" class=\"alignnone size-full wp-image-6647\" src=\"http:\/\/damas.laiglesiadelacomunidad.com\/wp-content\/uploads\/2015\/02\/2015-02-25-22.19.56.jpg\" alt=\"2015-02-25 22.19.56\" width=\"720\" height=\"1280\" srcset=\"http:\/\/damas.laiglesiadelacomunidad.com\/wp-content\/uploads\/2015\/02\/2015-02-25-22.19.56.jpg 720w, http:\/\/damas.laiglesiadelacomunidad.com\/wp-content\/uploads\/2015\/02\/2015-02-25-22.19.56-169x300.jpg 169w, http:\/\/damas.laiglesiadelacomunidad.com\/wp-content\/uploads\/2015\/02\/2015-02-25-22.19.56-576x1024.jpg 576w\" sizes=\"(max-width: 720px) 100vw, 720px\" \/><\/a> <a href=\"http:\/\/damas.laiglesiadelacomunidad.com\/?attachment_id=6648\" rel=\"attachment wp-att-6648\"><img loading=\"lazy\" decoding=\"async\" class=\"alignnone size-full wp-image-6648\" src=\"http:\/\/damas.laiglesiadelacomunidad.com\/wp-content\/uploads\/2015\/02\/2015-02-25-22.20.02.jpg\" alt=\"2015-02-25 22.20.02\" width=\"1280\" height=\"720\" srcset=\"http:\/\/damas.laiglesiadelacomunidad.com\/wp-content\/uploads\/2015\/02\/2015-02-25-22.20.02.jpg 1280w, http:\/\/damas.laiglesiadelacomunidad.com\/wp-content\/uploads\/2015\/02\/2015-02-25-22.20.02-300x169.jpg 300w, http:\/\/damas.laiglesiadelacomunidad.com\/wp-content\/uploads\/2015\/02\/2015-02-25-22.20.02-1024x576.jpg 1024w\" sizes=\"(max-width: 1280px) 100vw, 1280px\" \/><\/a> <a href=\"http:\/\/damas.laiglesiadelacomunidad.com\/?attachment_id=6649\" rel=\"attachment wp-att-6649\"><img loading=\"lazy\" decoding=\"async\" class=\"alignnone size-full wp-image-6649\" src=\"http:\/\/damas.laiglesiadelacomunidad.com\/wp-content\/uploads\/2015\/02\/2015-02-25-22.20.05.jpg\" alt=\"2015-02-25 22.20.05\" width=\"720\" height=\"1280\" srcset=\"http:\/\/damas.laiglesiadelacomunidad.com\/wp-content\/uploads\/2015\/02\/2015-02-25-22.20.05.jpg 720w, http:\/\/damas.laiglesiadelacomunidad.com\/wp-content\/uploads\/2015\/02\/2015-02-25-22.20.05-169x300.jpg 169w, http:\/\/damas.laiglesiadelacomunidad.com\/wp-content\/uploads\/2015\/02\/2015-02-25-22.20.05-576x1024.jpg 576w\" sizes=\"(max-width: 720px) 100vw, 720px\" \/><\/a> <a href=\"http:\/\/damas.laiglesiadelacomunidad.com\/?attachment_id=6650\" rel=\"attachment wp-att-6650\"><img loading=\"lazy\" decoding=\"async\" class=\"alignnone size-full wp-image-6650\" src=\"http:\/\/damas.laiglesiadelacomunidad.com\/wp-content\/uploads\/2015\/02\/2015-02-25-22.20.08.jpg\" alt=\"2015-02-25 22.20.08\" width=\"1280\" height=\"720\" srcset=\"http:\/\/damas.laiglesiadelacomunidad.com\/wp-content\/uploads\/2015\/02\/2015-02-25-22.20.08.jpg 1280w, http:\/\/damas.laiglesiadelacomunidad.com\/wp-content\/uploads\/2015\/02\/2015-02-25-22.20.08-300x169.jpg 300w, http:\/\/damas.laiglesiadelacomunidad.com\/wp-content\/uploads\/2015\/02\/2015-02-25-22.20.08-1024x576.jpg 1024w\" sizes=\"(max-width: 1280px) 100vw, 1280px\" \/><\/a> <a href=\"http:\/\/damas.laiglesiadelacomunidad.com\/?attachment_id=6651\" rel=\"attachment wp-att-6651\"><img loading=\"lazy\" decoding=\"async\" class=\"alignnone size-full wp-image-6651\" src=\"http:\/\/damas.laiglesiadelacomunidad.com\/wp-content\/uploads\/2015\/02\/2015-02-25-22.20.14.jpg\" alt=\"2015-02-25 22.20.14\" width=\"1280\" height=\"720\" srcset=\"http:\/\/damas.laiglesiadelacomunidad.com\/wp-content\/uploads\/2015\/02\/2015-02-25-22.20.14.jpg 1280w, http:\/\/damas.laiglesiadelacomunidad.com\/wp-content\/uploads\/2015\/02\/2015-02-25-22.20.14-300x169.jpg 300w, http:\/\/damas.laiglesiadelacomunidad.com\/wp-content\/uploads\/2015\/02\/2015-02-25-22.20.14-1024x576.jpg 1024w\" sizes=\"(max-width: 1280px) 100vw, 1280px\" \/><\/a> <a href=\"http:\/\/damas.laiglesiadelacomunidad.com\/?attachment_id=6652\" rel=\"attachment wp-att-6652\"><img loading=\"lazy\" decoding=\"async\" class=\"alignnone size-full wp-image-6652\" src=\"http:\/\/damas.laiglesiadelacomunidad.com\/wp-content\/uploads\/2015\/02\/2015-02-25-22.20.18.jpg\" alt=\"2015-02-25 22.20.18\" width=\"720\" height=\"1280\" srcset=\"http:\/\/damas.laiglesiadelacomunidad.com\/wp-content\/uploads\/2015\/02\/2015-02-25-22.20.18.jpg 720w, http:\/\/damas.laiglesiadelacomunidad.com\/wp-content\/uploads\/2015\/02\/2015-02-25-22.20.18-169x300.jpg 169w, http:\/\/damas.laiglesiadelacomunidad.com\/wp-content\/uploads\/2015\/02\/2015-02-25-22.20.18-576x1024.jpg 576w\" sizes=\"(max-width: 720px) 100vw, 720px\" \/><\/a> <a href=\"http:\/\/damas.laiglesiadelacomunidad.com\/?attachment_id=6653\" rel=\"attachment wp-att-6653\"><img loading=\"lazy\" decoding=\"async\" class=\"alignnone size-full wp-image-6653\" src=\"http:\/\/damas.laiglesiadelacomunidad.com\/wp-content\/uploads\/2015\/02\/2015-02-25-22.20.21.jpg\" alt=\"2015-02-25 22.20.21\" width=\"1280\" height=\"720\" srcset=\"http:\/\/damas.laiglesiadelacomunidad.com\/wp-content\/uploads\/2015\/02\/2015-02-25-22.20.21.jpg 1280w, http:\/\/damas.laiglesiadelacomunidad.com\/wp-content\/uploads\/2015\/02\/2015-02-25-22.20.21-300x169.jpg 300w, http:\/\/damas.laiglesiadelacomunidad.com\/wp-content\/uploads\/2015\/02\/2015-02-25-22.20.21-1024x576.jpg 1024w\" sizes=\"(max-width: 1280px) 100vw, 1280px\" \/><\/a> <a href=\"http:\/\/damas.laiglesiadelacomunidad.com\/?attachment_id=6654\" rel=\"attachment wp-att-6654\"><img loading=\"lazy\" decoding=\"async\" class=\"alignnone size-full wp-image-6654\" src=\"http:\/\/damas.laiglesiadelacomunidad.com\/wp-content\/uploads\/2015\/02\/2015-02-25-22.20.24.jpg\" alt=\"2015-02-25 22.20.24\" width=\"720\" height=\"1280\" srcset=\"http:\/\/damas.laiglesiadelacomunidad.com\/wp-content\/uploads\/2015\/02\/2015-02-25-22.20.24.jpg 720w, http:\/\/damas.laiglesiadelacomunidad.com\/wp-content\/uploads\/2015\/02\/2015-02-25-22.20.24-169x300.jpg 169w, http:\/\/damas.laiglesiadelacomunidad.com\/wp-content\/uploads\/2015\/02\/2015-02-25-22.20.24-576x1024.jpg 576w\" sizes=\"(max-width: 720px) 100vw, 720px\" \/><\/a> <a href=\"http:\/\/damas.laiglesiadelacomunidad.com\/?attachment_id=6655\" rel=\"attachment wp-att-6655\"><img loading=\"lazy\" decoding=\"async\" class=\"alignnone size-full wp-image-6655\" src=\"http:\/\/damas.laiglesiadelacomunidad.com\/wp-content\/uploads\/2015\/02\/2015-02-25-22.20.27.jpg\" alt=\"2015-02-25 22.20.27\" width=\"720\" height=\"1280\" srcset=\"http:\/\/damas.laiglesiadelacomunidad.com\/wp-content\/uploads\/2015\/02\/2015-02-25-22.20.27.jpg 720w, http:\/\/damas.laiglesiadelacomunidad.com\/wp-content\/uploads\/2015\/02\/2015-02-25-22.20.27-169x300.jpg 169w, http:\/\/damas.laiglesiadelacomunidad.com\/wp-content\/uploads\/2015\/02\/2015-02-25-22.20.27-576x1024.jpg 576w\" sizes=\"(max-width: 720px) 100vw, 720px\" \/><\/a> <a href=\"http:\/\/damas.laiglesiadelacomunidad.com\/?attachment_id=6656\" rel=\"attachment wp-att-6656\"><img loading=\"lazy\" decoding=\"async\" class=\"alignnone size-full wp-image-6656\" src=\"http:\/\/damas.laiglesiadelacomunidad.com\/wp-content\/uploads\/2015\/02\/2015-02-25-22.20.30.jpg\" alt=\"2015-02-25 22.20.30\" width=\"720\" height=\"1280\" srcset=\"http:\/\/damas.laiglesiadelacomunidad.com\/wp-content\/uploads\/2015\/02\/2015-02-25-22.20.30.jpg 720w, http:\/\/damas.laiglesiadelacomunidad.com\/wp-content\/uploads\/2015\/02\/2015-02-25-22.20.30-169x300.jpg 169w, http:\/\/damas.laiglesiadelacomunidad.com\/wp-content\/uploads\/2015\/02\/2015-02-25-22.20.30-576x1024.jpg 576w\" sizes=\"(max-width: 720px) 100vw, 720px\" \/><\/a> <a href=\"http:\/\/damas.laiglesiadelacomunidad.com\/?attachment_id=6657\" rel=\"attachment wp-att-6657\"><img loading=\"lazy\" decoding=\"async\" class=\"alignnone size-full wp-image-6657\" src=\"http:\/\/damas.laiglesiadelacomunidad.com\/wp-content\/uploads\/2015\/02\/2015-02-25-22.20.32.jpg\" alt=\"2015-02-25 22.20.32\" width=\"720\" height=\"1280\" srcset=\"http:\/\/damas.laiglesiadelacomunidad.com\/wp-content\/uploads\/2015\/02\/2015-02-25-22.20.32.jpg 720w, http:\/\/damas.laiglesiadelacomunidad.com\/wp-content\/uploads\/2015\/02\/2015-02-25-22.20.32-169x300.jpg 169w, http:\/\/damas.laiglesiadelacomunidad.com\/wp-content\/uploads\/2015\/02\/2015-02-25-22.20.32-576x1024.jpg 576w\" sizes=\"(max-width: 720px) 100vw, 720px\" \/><\/a> <a href=\"http:\/\/damas.laiglesiadelacomunidad.com\/?attachment_id=6658\" rel=\"attachment wp-att-6658\"><img loading=\"lazy\" decoding=\"async\" class=\"alignnone size-full wp-image-6658\" src=\"http:\/\/damas.laiglesiadelacomunidad.com\/wp-content\/uploads\/2015\/02\/2015-02-25-22.20.41.jpg\" alt=\"2015-02-25 22.20.41\" width=\"720\" height=\"1280\" srcset=\"http:\/\/damas.laiglesiadelacomunidad.com\/wp-content\/uploads\/2015\/02\/2015-02-25-22.20.41.jpg 720w, http:\/\/damas.laiglesiadelacomunidad.com\/wp-content\/uploads\/2015\/02\/2015-02-25-22.20.41-169x300.jpg 169w, http:\/\/damas.laiglesiadelacomunidad.com\/wp-content\/uploads\/2015\/02\/2015-02-25-22.20.41-576x1024.jpg 576w\" sizes=\"(max-width: 720px) 100vw, 720px\" \/><\/a> <a href=\"http:\/\/damas.laiglesiadelacomunidad.com\/?attachment_id=6659\" rel=\"attachment wp-att-6659\"><img loading=\"lazy\" decoding=\"async\" class=\"alignnone size-full wp-image-6659\" src=\"http:\/\/damas.laiglesiadelacomunidad.com\/wp-content\/uploads\/2015\/02\/2015-02-25-22.20.45.jpg\" alt=\"2015-02-25 22.20.45\" width=\"1280\" height=\"960\" srcset=\"http:\/\/damas.laiglesiadelacomunidad.com\/wp-content\/uploads\/2015\/02\/2015-02-25-22.20.45.jpg 1280w, http:\/\/damas.laiglesiadelacomunidad.com\/wp-content\/uploads\/2015\/02\/2015-02-25-22.20.45-300x225.jpg 300w, http:\/\/damas.laiglesiadelacomunidad.com\/wp-content\/uploads\/2015\/02\/2015-02-25-22.20.45-1024x768.jpg 1024w\" sizes=\"(max-width: 1280px) 100vw, 1280px\" \/><\/a> <a href=\"http:\/\/damas.laiglesiadelacomunidad.com\/?attachment_id=6660\" rel=\"attachment wp-att-6660\"><img loading=\"lazy\" decoding=\"async\" class=\"alignnone size-full wp-image-6660\" src=\"http:\/\/damas.laiglesiadelacomunidad.com\/wp-content\/uploads\/2015\/02\/2015-02-25-22.20.49.jpg\" alt=\"2015-02-25 22.20.49\" width=\"1280\" height=\"960\" srcset=\"http:\/\/damas.laiglesiadelacomunidad.com\/wp-content\/uploads\/2015\/02\/2015-02-25-22.20.49.jpg 1280w, http:\/\/damas.laiglesiadelacomunidad.com\/wp-content\/uploads\/2015\/02\/2015-02-25-22.20.49-300x225.jpg 300w, http:\/\/damas.laiglesiadelacomunidad.com\/wp-content\/uploads\/2015\/02\/2015-02-25-22.20.49-1024x768.jpg 1024w\" sizes=\"(max-width: 1280px) 100vw, 1280px\" \/><\/a> <a href=\"http:\/\/damas.laiglesiadelacomunidad.com\/?attachment_id=6662\" rel=\"attachment wp-att-6662\"><img loading=\"lazy\" decoding=\"async\" class=\"alignnone size-full wp-image-6662\" src=\"http:\/\/damas.laiglesiadelacomunidad.com\/wp-content\/uploads\/2015\/02\/2015-02-25-22.21.01.jpg\" alt=\"2015-02-25 22.21.01\" width=\"1280\" height=\"960\" srcset=\"http:\/\/damas.laiglesiadelacomunidad.com\/wp-content\/uploads\/2015\/02\/2015-02-25-22.21.01.jpg 1280w, http:\/\/damas.laiglesiadelacomunidad.com\/wp-content\/uploads\/2015\/02\/2015-02-25-22.21.01-300x225.jpg 300w, http:\/\/damas.laiglesiadelacomunidad.com\/wp-content\/uploads\/2015\/02\/2015-02-25-22.21.01-1024x768.jpg 1024w\" sizes=\"(max-width: 1280px) 100vw, 1280px\" \/><\/a> <a href=\"http:\/\/damas.laiglesiadelacomunidad.com\/?attachment_id=6663\" rel=\"attachment wp-att-6663\"><img loading=\"lazy\" decoding=\"async\" class=\"alignnone size-full wp-image-6663\" src=\"http:\/\/damas.laiglesiadelacomunidad.com\/wp-content\/uploads\/2015\/02\/2015-02-25-22.21.07.jpg\" alt=\"2015-02-25 22.21.07\" width=\"1280\" height=\"960\" srcset=\"http:\/\/damas.laiglesiadelacomunidad.com\/wp-content\/uploads\/2015\/02\/2015-02-25-22.21.07.jpg 1280w, http:\/\/damas.laiglesiadelacomunidad.com\/wp-content\/uploads\/2015\/02\/2015-02-25-22.21.07-300x225.jpg 300w, http:\/\/damas.laiglesiadelacomunidad.com\/wp-content\/uploads\/2015\/02\/2015-02-25-22.21.07-1024x768.jpg 1024w\" sizes=\"(max-width: 1280px) 100vw, 1280px\" \/><\/a> <a href=\"http:\/\/damas.laiglesiadelacomunidad.com\/?attachment_id=6664\" rel=\"attachment wp-att-6664\"><img loading=\"lazy\" decoding=\"async\" class=\"alignnone size-full wp-image-6664\" src=\"http:\/\/damas.laiglesiadelacomunidad.com\/wp-content\/uploads\/2015\/02\/2015-02-25-22.21.10.jpg\" alt=\"2015-02-25 22.21.10\" width=\"1280\" height=\"960\" srcset=\"http:\/\/damas.laiglesiadelacomunidad.com\/wp-content\/uploads\/2015\/02\/2015-02-25-22.21.10.jpg 1280w, http:\/\/damas.laiglesiadelacomunidad.com\/wp-content\/uploads\/2015\/02\/2015-02-25-22.21.10-300x225.jpg 300w, http:\/\/damas.laiglesiadelacomunidad.com\/wp-content\/uploads\/2015\/02\/2015-02-25-22.21.10-1024x768.jpg 1024w\" sizes=\"(max-width: 1280px) 100vw, 1280px\" \/><\/a> <a href=\"http:\/\/damas.laiglesiadelacomunidad.com\/?attachment_id=6665\" rel=\"attachment wp-att-6665\"><img loading=\"lazy\" decoding=\"async\" class=\"alignnone size-full wp-image-6665\" src=\"http:\/\/damas.laiglesiadelacomunidad.com\/wp-content\/uploads\/2015\/02\/2015-02-25-22.21.13.jpg\" alt=\"2015-02-25 22.21.13\" width=\"1280\" height=\"960\" srcset=\"http:\/\/damas.laiglesiadelacomunidad.com\/wp-content\/uploads\/2015\/02\/2015-02-25-22.21.13.jpg 1280w, http:\/\/damas.laiglesiadelacomunidad.com\/wp-content\/uploads\/2015\/02\/2015-02-25-22.21.13-300x225.jpg 300w, http:\/\/damas.laiglesiadelacomunidad.com\/wp-content\/uploads\/2015\/02\/2015-02-25-22.21.13-1024x768.jpg 1024w\" sizes=\"(max-width: 1280px) 100vw, 1280px\" \/><\/a> <a href=\"http:\/\/damas.laiglesiadelacomunidad.com\/?attachment_id=6666\" rel=\"attachment wp-att-6666\"><img loading=\"lazy\" decoding=\"async\" class=\"alignnone size-full wp-image-6666\" src=\"http:\/\/damas.laiglesiadelacomunidad.com\/wp-content\/uploads\/2015\/02\/2015-02-25-22.21.16.jpg\" alt=\"2015-02-25 22.21.16\" width=\"1280\" height=\"960\" srcset=\"http:\/\/damas.laiglesiadelacomunidad.com\/wp-content\/uploads\/2015\/02\/2015-02-25-22.21.16.jpg 1280w, http:\/\/damas.laiglesiadelacomunidad.com\/wp-content\/uploads\/2015\/02\/2015-02-25-22.21.16-300x225.jpg 300w, http:\/\/damas.laiglesiadelacomunidad.com\/wp-content\/uploads\/2015\/02\/2015-02-25-22.21.16-1024x768.jpg 1024w\" sizes=\"(max-width: 1280px) 100vw, 1280px\" \/><\/a> <a href=\"http:\/\/damas.laiglesiadelacomunidad.com\/?attachment_id=6667\" rel=\"attachment wp-att-6667\"><img loading=\"lazy\" decoding=\"async\" class=\"alignnone size-full wp-image-6667\" src=\"http:\/\/damas.laiglesiadelacomunidad.com\/wp-content\/uploads\/2015\/02\/2015-02-25-22.21.20.jpg\" alt=\"2015-02-25 22.21.20\" width=\"1280\" height=\"960\" srcset=\"http:\/\/damas.laiglesiadelacomunidad.com\/wp-content\/uploads\/2015\/02\/2015-02-25-22.21.20.jpg 1280w, http:\/\/damas.laiglesiadelacomunidad.com\/wp-content\/uploads\/2015\/02\/2015-02-25-22.21.20-300x225.jpg 300w, http:\/\/damas.laiglesiadelacomunidad.com\/wp-content\/uploads\/2015\/02\/2015-02-25-22.21.20-1024x768.jpg 1024w\" sizes=\"(max-width: 1280px) 100vw, 1280px\" \/><\/a> <a href=\"http:\/\/damas.laiglesiadelacomunidad.com\/?attachment_id=6668\" rel=\"attachment wp-att-6668\"><img loading=\"lazy\" decoding=\"async\" class=\"alignnone size-full wp-image-6668\" src=\"http:\/\/damas.laiglesiadelacomunidad.com\/wp-content\/uploads\/2015\/02\/2015-02-25-22.21.24.jpg\" alt=\"2015-02-25 22.21.24\" width=\"960\" height=\"1280\" srcset=\"http:\/\/damas.laiglesiadelacomunidad.com\/wp-content\/uploads\/2015\/02\/2015-02-25-22.21.24.jpg 960w, http:\/\/damas.laiglesiadelacomunidad.com\/wp-content\/uploads\/2015\/02\/2015-02-25-22.21.24-225x300.jpg 225w, http:\/\/damas.laiglesiadelacomunidad.com\/wp-content\/uploads\/2015\/02\/2015-02-25-22.21.24-768x1024.jpg 768w\" sizes=\"(max-width: 960px) 100vw, 960px\" \/><\/a> <a href=\"http:\/\/damas.laiglesiadelacomunidad.com\/?attachment_id=6669\" rel=\"attachment wp-att-6669\"><img loading=\"lazy\" decoding=\"async\" class=\"alignnone size-full wp-image-6669\" src=\"http:\/\/damas.laiglesiadelacomunidad.com\/wp-content\/uploads\/2015\/02\/2015-02-25-22.21.27.jpg\" alt=\"2015-02-25 22.21.27\" width=\"960\" height=\"1280\" srcset=\"http:\/\/damas.laiglesiadelacomunidad.com\/wp-content\/uploads\/2015\/02\/2015-02-25-22.21.27.jpg 960w, http:\/\/damas.laiglesiadelacomunidad.com\/wp-content\/uploads\/2015\/02\/2015-02-25-22.21.27-225x300.jpg 225w, http:\/\/damas.laiglesiadelacomunidad.com\/wp-content\/uploads\/2015\/02\/2015-02-25-22.21.27-768x1024.jpg 768w\" sizes=\"(max-width: 960px) 100vw, 960px\" \/><\/a> <a href=\"http:\/\/damas.laiglesiadelacomunidad.com\/?attachment_id=6670\" rel=\"attachment wp-att-6670\"><img loading=\"lazy\" decoding=\"async\" class=\"alignnone size-full wp-image-6670\" src=\"http:\/\/damas.laiglesiadelacomunidad.com\/wp-content\/uploads\/2015\/02\/2015-02-25-22.21.31.jpg\" alt=\"2015-02-25 22.21.31\" width=\"960\" height=\"1280\" srcset=\"http:\/\/damas.laiglesiadelacomunidad.com\/wp-content\/uploads\/2015\/02\/2015-02-25-22.21.31.jpg 960w, http:\/\/damas.laiglesiadelacomunidad.com\/wp-content\/uploads\/2015\/02\/2015-02-25-22.21.31-225x300.jpg 225w, http:\/\/damas.laiglesiadelacomunidad.com\/wp-content\/uploads\/2015\/02\/2015-02-25-22.21.31-768x1024.jpg 768w\" sizes=\"(max-width: 960px) 100vw, 960px\" \/><\/a> <a href=\"http:\/\/damas.laiglesiadelacomunidad.com\/?attachment_id=6671\" rel=\"attachment wp-att-6671\"><img loading=\"lazy\" decoding=\"async\" class=\"alignnone size-full wp-image-6671\" src=\"http:\/\/damas.laiglesiadelacomunidad.com\/wp-content\/uploads\/2015\/02\/2015-02-25-22.21.34.jpg\" alt=\"2015-02-25 22.21.34\" width=\"960\" height=\"1280\" srcset=\"http:\/\/damas.laiglesiadelacomunidad.com\/wp-content\/uploads\/2015\/02\/2015-02-25-22.21.34.jpg 960w, http:\/\/damas.laiglesiadelacomunidad.com\/wp-content\/uploads\/2015\/02\/2015-02-25-22.21.34-225x300.jpg 225w, http:\/\/damas.laiglesiadelacomunidad.com\/wp-content\/uploads\/2015\/02\/2015-02-25-22.21.34-768x1024.jpg 768w\" sizes=\"(max-width: 960px) 100vw, 960px\" \/><\/a><\/p>\n<p>QUE BELLA CUMPLEANERA!!!! \ud83d\ude42<\/p>\n","protected":false},"excerpt":{"rendered":"<p>Gracias Se\u00f1or por \u00e9ste excelente estudio, que gran ense\u00f1anza nos has dado a traves de los testimonios, pruebas, predicaci\u00f3n y profes\u00edas que cada una ha experimentado en su vida. Gracias a todas por todas sus muestras de cari\u00f1o, estoy muy agradecida a Dios por cada una de ustedes, por darme una familia excepcional que se &hellip; <a href=\"http:\/\/damas.laiglesiadelacomunidad.com\/?p=6646\" class=\"more-link\">Continue reading <span class=\"screen-reader-text\">Estudio 25 de Feb. 2015<\/span> <span class=\"meta-nav\">&rarr;<\/span><\/a><\/p>\n","protected":false},"author":2,"featured_media":0,"comment_status":"open","ping_status":"open","sticky":false,"template":"","format":"gallery","meta":{"footnotes":""},"categories":[6],"tags":[],"_links":{"self":[{"href":"http:\/\/damas.laiglesiadelacomunidad.com\/index.php?rest_route=\/wp\/v2\/posts\/6646"}],"collection":[{"href":"http:\/\/damas.laiglesiadelacomunidad.com\/index.php?rest_route=\/wp\/v2\/posts"}],"about":[{"href":"http:\/\/damas.laiglesiadelacomunidad.com\/index.php?rest_route=\/wp\/v2\/types\/post"}],"author":[{"embeddable":true,"href":"http:\/\/damas.laiglesiadelacomunidad.com\/index.php?rest_route=\/wp\/v2\/users\/2"}],"replies":[{"embeddable":true,"href":"http:\/\/damas.laiglesiadelacomunidad.com\/index.php?rest_route=%2Fwp%2Fv2%2Fcomments&post=6646"}],"version-history":[{"count":1,"href":"http:\/\/damas.laiglesiadelacomunidad.com\/index.php?rest_route=\/wp\/v2\/posts\/6646\/revisions"}],"predecessor-version":[{"id":6672,"href":"http:\/\/damas.laiglesiadelacomunidad.com\/index.php?rest_route=\/wp\/v2\/posts\/6646\/revisions\/6672"}],"wp:attachment":[{"href":"http:\/\/damas.laiglesiadelacomunidad.com\/index.php?rest_route=%2Fwp%2Fv2%2Fmedia&parent=6646"}],"wp:term":[{"taxonomy":"category","embeddable":true,"href":"http:\/\/damas.laiglesiadelacomunidad.com\/index.php?rest_route=%2Fwp%2Fv2%2Fcategories&post=6646"},{"taxonomy":"post_tag","embeddable":true,"href":"http:\/\/damas.laiglesiadelacomunidad.com\/index.php?rest_route=%2Fwp%2Fv2%2Ftags&post=6646"}],"curies":[{"name":"wp","href":"https:\/\/api.w.org\/{rel}","templated":true}]}}