{"id":6599,"date":"2015-02-22T22:59:10","date_gmt":"2015-02-23T04:59:10","guid":{"rendered":"http:\/\/damas.laiglesiadelacomunidad.com\/?p=6599"},"modified":"2015-02-22T23:22:09","modified_gmt":"2015-02-23T05:22:09","slug":"reunion-22-de-feb-2015","status":"publish","type":"post","link":"http:\/\/damas.laiglesiadelacomunidad.com\/?p=6599","title":{"rendered":"Reuni\u00f3n 22 de Feb. 2015"},"content":{"rendered":"<p>Gracias Se\u00f1or por otra linda noche, gracias a todos por venir en esta noche tan fr\u00eda, y extra\u00f1amos a los que no pudieron venir, y a los que estan enfermos est\u00e1n en nuestras oraciones, que el Se\u00f1or les de pronto alivio.<\/p>\n<p>Seguimos estudiando la vida de Jes\u00fas de acuerdo al evangelio de Mateo, hoy empezamos con las ense\u00f1anzas de Jes\u00fas, el tema de hoy fue: &#8220;Pobres en Esp\u00edritu&#8221; y la idea grande de hoy fue: &#8220;Felices los que reconocen que son malos&#8221;. No es cosa del otro mundo que nos digan que somos malas pero no nos gusta que nos lo digan mucho menos nos gusta aceptarlo o reconocerlo, hoy con la bienaventuraza de Jes\u00fas vimos lo grande que es reconocer que somos malas.<\/p>\n<p>De nada nos sirve vivir en negaci\u00f3n y pensar que si soy mala pero que hay otras peores y el pecado de otras lo utilizo para justificar mi pecado y para no verme tan mala, recordemos que Dios resiste al orgulloso y esta actitud orgullosa nos lleva lejos de Dios.<\/p>\n<p>Por otros lado cuando reconocemos que somos malas que hemos pecado, nos arrepentimos y que necesitamos a alguien que nos salve de esta vida pecaminosa eso nos demuestra nuestra pobreza de espiritu y hace que este arrepentimiento nos lleve cerca de Dios, que imploremos su ayuda y nos sometamos a \u00c9l y eso hace que el Reino de los cielos se acerque a nosotras.<\/p>\n<p><span style=\"color: #ff0000;\"><strong><sup class=\"versenum\">\u00a0<\/sup>\u00abBienaventurados los pobres en esp\u00edritu, porque de ellos es el reino de los cielos.\u00a0<\/strong><span style=\"color: #000000;\">Mateo 5:3<\/span><\/span><\/p>\n<p><strong><sup class=\"versenum\">\u00a0<\/sup>Volviendo su vista hacia Sus disc\u00edpulos, dec\u00eda: <\/strong><span class=\"woj\"><span style=\"color: #ff0000;\"><strong>\u201cBienaventurados <i>ustedes<\/i> los pobres, porque de ustedes es el reino de Dios.<\/strong><\/span> Lucas 6:20<\/span><\/p>\n<p><strong><sup class=\"versenum\">\u00a0<\/sup>Pero Dios nos ayuda m\u00e1s con su bondad, pues la Escritura dice: \u00abDios se opone a los orgullosos, pero trata con bondad a los humildes.\u00bb<\/strong> Santiago 4:6<\/p>\n<p><strong><span class=\"text 1Pet-5-5\">De la misma manera, ustedes los j\u00f3venes som\u00e9tanse a la autoridad de los ancianos. Todos deben someterse unos a otros con humildad, porque:<\/span><\/strong><strong><span class=\"text 1Pet-5-5\">\u00abDios se opone a los orgullosos,<\/span><\/strong><strong>pero ayuda con su bondad a los humildes.\u00bb<\/strong> 1Pedro 5:5<\/p>\n<p><span id=\"es-RVC-17942\" class=\"text Isa-14-12\"><sup class=\"versenum\">\u00a0<\/sup><strong>\u00bb\u00a1C\u00f3mo ca\u00edste del cielo, lucero de la ma\u00f1ana! \u00a1C\u00f3mo ca\u00edste por tierra, t\u00fa que derrotabas a las naciones!<\/strong><\/span><strong> <span id=\"es-RVC-17943\" class=\"text Isa-14-13\">T\u00fa, que en tu coraz\u00f3n dec\u00edas: \u201cSubir\u00e9 al cielo, por encima de las estrellas de Dios, y all\u00ed pondr\u00e9 mi trono. En el monte del concilio me sentar\u00e9, en lo m\u00e1s remoto del norte;<\/span> <span id=\"es-RVC-17944\" class=\"text Isa-14-14\">subir\u00e9 hasta las altas nubes, y ser\u00e9 semejante al Alt\u00edsimo.\u201d<\/span> <\/strong><span id=\"es-RVC-17945\" class=\"text Isa-14-15\"><strong>Pero \u00a1ay!, has ca\u00eddo a lo m\u00e1s profundo del sepulcro, a lo m\u00e1s remoto del abismo<\/strong>. Isaias 14:12-15<\/span><\/p>\n<p>Se\u00f1or te pedimos que quites el orgullo que crece a diario en nuestros corazones, ese orgullo que nos limita a ponerte en el centro de nuestro coraz\u00f3n o que hace que no tomemos la decisi\u00f3n de seguirte, ayudanos a ser pobres de esp\u00edritu y seguir reconociendo que somos pecadores y que te necesitamos, te lo pedimos en nombre de Jesucristo nuestro Se\u00f1or, Am\u00e9n.<\/p>\n<p>Por favor agreguen a sus oraciones a do\u00f1a Elsa, Irenita, Armani, do\u00f1a Beatriz y a los dem\u00e1s enfermos.<\/p>\n<p>Dios las guarde, que tengan una linda semana,<\/p>\n<p>Jackie C.<\/p>\n<p><a href=\"http:\/\/damas.laiglesiadelacomunidad.com\/wp-content\/uploads\/2015\/02\/IMG_0285.jpg\"><img decoding=\"async\" src=\"http:\/\/damas.laiglesiadelacomunidad.com\/wp-content\/uploads\/2015\/02\/IMG_0285.jpg\" alt=\"(null)\" class=\"alignnone size-full\" \/><\/a><\/p>\n<p><a href=\"http:\/\/damas.laiglesiadelacomunidad.com\/wp-content\/uploads\/2015\/02\/IMG_0284.jpg\"><img decoding=\"async\" src=\"http:\/\/damas.laiglesiadelacomunidad.com\/wp-content\/uploads\/2015\/02\/IMG_0284.jpg\" alt=\"(null)\" class=\"alignnone size-full\" \/><\/a><\/p>\n<p><a href=\"http:\/\/damas.laiglesiadelacomunidad.com\/wp-content\/uploads\/2015\/02\/IMG_0286.jpg\"><img decoding=\"async\" src=\"http:\/\/damas.laiglesiadelacomunidad.com\/wp-content\/uploads\/2015\/02\/IMG_0286.jpg\" alt=\"(null)\" class=\"alignnone size-full\" \/><\/a><\/p>\n<p><a href=\"http:\/\/damas.laiglesiadelacomunidad.com\/wp-content\/uploads\/2015\/02\/IMG_0287.jpg\"><img decoding=\"async\" src=\"http:\/\/damas.laiglesiadelacomunidad.com\/wp-content\/uploads\/2015\/02\/IMG_0287.jpg\" alt=\"(null)\" class=\"alignnone size-full\" \/><\/a><\/p>\n<p><a href=\"http:\/\/damas.laiglesiadelacomunidad.com\/wp-content\/uploads\/2015\/02\/IMG_0281.jpg\"><img decoding=\"async\" src=\"http:\/\/damas.laiglesiadelacomunidad.com\/wp-content\/uploads\/2015\/02\/IMG_0281.jpg\" alt=\"(null)\" class=\"alignnone size-full\" \/><\/a><\/p>\n<p><a href=\"http:\/\/damas.laiglesiadelacomunidad.com\/wp-content\/uploads\/2015\/02\/IMG_0278.jpg\"><img decoding=\"async\" src=\"http:\/\/damas.laiglesiadelacomunidad.com\/wp-content\/uploads\/2015\/02\/IMG_0278.jpg\" alt=\"(null)\" class=\"alignnone size-full\" \/><\/a><\/p>\n<p><a href=\"http:\/\/damas.laiglesiadelacomunidad.com\/wp-content\/uploads\/2015\/02\/IMG_0276.jpg\"><img decoding=\"async\" src=\"http:\/\/damas.laiglesiadelacomunidad.com\/wp-content\/uploads\/2015\/02\/IMG_0276.jpg\" alt=\"(null)\" class=\"alignnone size-full\" \/><\/a><\/p>\n<p><a href=\"http:\/\/damas.laiglesiadelacomunidad.com\/wp-content\/uploads\/2015\/02\/IMG_0279.jpg\"><img decoding=\"async\" src=\"http:\/\/damas.laiglesiadelacomunidad.com\/wp-content\/uploads\/2015\/02\/IMG_0279.jpg\" alt=\"(null)\" class=\"alignnone size-full\" \/><\/a><\/p>\n<p><a href=\"http:\/\/damas.laiglesiadelacomunidad.com\/wp-content\/uploads\/2015\/02\/IMG_0275.jpg\"><img decoding=\"async\" src=\"http:\/\/damas.laiglesiadelacomunidad.com\/wp-content\/uploads\/2015\/02\/IMG_0275.jpg\" alt=\"(null)\" class=\"alignnone size-full\" \/><\/a><\/p>\n<p><a href=\"http:\/\/damas.laiglesiadelacomunidad.com\/wp-content\/uploads\/2015\/02\/IMG_0277.jpg\"><img decoding=\"async\" src=\"http:\/\/damas.laiglesiadelacomunidad.com\/wp-content\/uploads\/2015\/02\/IMG_0277.jpg\" alt=\"(null)\" class=\"alignnone size-full\" \/><\/a><\/p>\n<p><a href=\"http:\/\/damas.laiglesiadelacomunidad.com\/wp-content\/uploads\/2015\/02\/IMG_0274.jpg\"><img decoding=\"async\" src=\"http:\/\/damas.laiglesiadelacomunidad.com\/wp-content\/uploads\/2015\/02\/IMG_0274.jpg\" alt=\"(null)\" class=\"alignnone size-full\" \/><\/a><\/p>\n<p><a href=\"http:\/\/damas.laiglesiadelacomunidad.com\/wp-content\/uploads\/2015\/02\/IMG_0273.jpg\"><img decoding=\"async\" src=\"http:\/\/damas.laiglesiadelacomunidad.com\/wp-content\/uploads\/2015\/02\/IMG_0273.jpg\" alt=\"(null)\" class=\"alignnone size-full\" \/><\/a><\/p>\n<p><a href=\"http:\/\/damas.laiglesiadelacomunidad.com\/wp-content\/uploads\/2015\/02\/IMG_0272.jpg\"><img decoding=\"async\" src=\"http:\/\/damas.laiglesiadelacomunidad.com\/wp-content\/uploads\/2015\/02\/IMG_0272.jpg\" alt=\"(null)\" class=\"alignnone size-full\" \/><\/a><\/p>\n<p><a href=\"http:\/\/damas.laiglesiadelacomunidad.com\/wp-content\/uploads\/2015\/02\/IMG_0290.jpg\"><img decoding=\"async\" src=\"http:\/\/damas.laiglesiadelacomunidad.com\/wp-content\/uploads\/2015\/02\/IMG_0290.jpg\" alt=\"(null)\" class=\"alignnone size-full\" \/><\/a><\/p>\n<p><a href=\"http:\/\/damas.laiglesiadelacomunidad.com\/wp-content\/uploads\/2015\/02\/IMG_02811.jpg\"><img decoding=\"async\" src=\"http:\/\/damas.laiglesiadelacomunidad.com\/wp-content\/uploads\/2015\/02\/IMG_02811.jpg\" alt=\"(null)\" class=\"alignnone size-full\" \/><\/a><\/p>\n<p><a href=\"http:\/\/damas.laiglesiadelacomunidad.com\/wp-content\/uploads\/2015\/02\/IMG_0292.jpg\"><img decoding=\"async\" src=\"http:\/\/damas.laiglesiadelacomunidad.com\/wp-content\/uploads\/2015\/02\/IMG_0292.jpg\" alt=\"(null)\" class=\"alignnone size-full\" \/><\/a><\/p>\n<p><a href=\"http:\/\/damas.laiglesiadelacomunidad.com\/wp-content\/uploads\/2015\/02\/IMG_0291.jpg\"><img decoding=\"async\" src=\"http:\/\/damas.laiglesiadelacomunidad.com\/wp-content\/uploads\/2015\/02\/IMG_0291.jpg\" alt=\"(null)\" class=\"alignnone size-full\" \/><\/a><\/p>\n","protected":false},"excerpt":{"rendered":"<p>Gracias Se\u00f1or por otra linda noche, gracias a todos por venir en esta noche tan fr\u00eda, y extra\u00f1amos a los que no pudieron venir, y a los que estan enfermos est\u00e1n en nuestras oraciones, que el Se\u00f1or les de pronto alivio. Seguimos estudiando la vida de Jes\u00fas de acuerdo al evangelio de Mateo, hoy empezamos &hellip; <a href=\"http:\/\/damas.laiglesiadelacomunidad.com\/?p=6599\" class=\"more-link\">Continue reading <span class=\"screen-reader-text\">Reuni\u00f3n 22 de Feb. 2015<\/span> <span class=\"meta-nav\">&rarr;<\/span><\/a><\/p>\n","protected":false},"author":2,"featured_media":0,"comment_status":"open","ping_status":"open","sticky":false,"template":"","format":"gallery","meta":{"footnotes":""},"categories":[7],"tags":[],"_links":{"self":[{"href":"http:\/\/damas.laiglesiadelacomunidad.com\/index.php?rest_route=\/wp\/v2\/posts\/6599"}],"collection":[{"href":"http:\/\/damas.laiglesiadelacomunidad.com\/index.php?rest_route=\/wp\/v2\/posts"}],"about":[{"href":"http:\/\/damas.laiglesiadelacomunidad.com\/index.php?rest_route=\/wp\/v2\/types\/post"}],"author":[{"embeddable":true,"href":"http:\/\/damas.laiglesiadelacomunidad.com\/index.php?rest_route=\/wp\/v2\/users\/2"}],"replies":[{"embeddable":true,"href":"http:\/\/damas.laiglesiadelacomunidad.com\/index.php?rest_route=%2Fwp%2Fv2%2Fcomments&post=6599"}],"version-history":[{"count":5,"href":"http:\/\/damas.laiglesiadelacomunidad.com\/index.php?rest_route=\/wp\/v2\/posts\/6599\/revisions"}],"predecessor-version":[{"id":6622,"href":"http:\/\/damas.laiglesiadelacomunidad.com\/index.php?rest_route=\/wp\/v2\/posts\/6599\/revisions\/6622"}],"wp:attachment":[{"href":"http:\/\/damas.laiglesiadelacomunidad.com\/index.php?rest_route=%2Fwp%2Fv2%2Fmedia&parent=6599"}],"wp:term":[{"taxonomy":"category","embeddable":true,"href":"http:\/\/damas.laiglesiadelacomunidad.com\/index.php?rest_route=%2Fwp%2Fv2%2Fcategories&post=6599"},{"taxonomy":"post_tag","embeddable":true,"href":"http:\/\/damas.laiglesiadelacomunidad.com\/index.php?rest_route=%2Fwp%2Fv2%2Ftags&post=6599"}],"curies":[{"name":"wp","href":"https:\/\/api.w.org\/{rel}","templated":true}]}}