{"id":6591,"date":"2015-02-21T22:35:50","date_gmt":"2015-02-22T04:35:50","guid":{"rendered":"http:\/\/damas.laiglesiadelacomunidad.com\/?p=6591"},"modified":"2015-02-21T22:35:50","modified_gmt":"2015-02-22T04:35:50","slug":"alabar","status":"publish","type":"post","link":"http:\/\/damas.laiglesiadelacomunidad.com\/?p=6591","title":{"rendered":"Alabar!"},"content":{"rendered":"<p>Hechos 16:25-26 NTV<\/p>\n<p>Alrededor de la medianoche, Pablo y Silas estaban orando y cantando himnos a Dios, y los dem\u00e1s prisioneros escuchaban. De repente, hubo un gran terremoto y la c\u00e1rcel se sacudi\u00f3 hasta sus cimientos. Al instante, todas las puertas se abrieron de golpe, \u00a1y a todos los prisioneros se les cayeron las cadenas!<\/p>\n<p><a href=\"http:\/\/damas.laiglesiadelacomunidad.com\/wp-content\/uploads\/2015\/02\/wpid-fb_img_1424579591374.jpg\"><img decoding=\"async\" title=\"FB_IMG_1424579591374.jpg\" class=\"alignnone size-full\" alt=\"image\" src=\"http:\/\/damas.laiglesiadelacomunidad.com\/wp-content\/uploads\/2015\/02\/wpid-fb_img_1424579591374.jpg\" \/><\/a><\/p>\n","protected":false},"excerpt":{"rendered":"<p>Hechos 16:25-26 NTV Alrededor de la medianoche, Pablo y Silas estaban orando y cantando himnos a Dios, y los dem\u00e1s prisioneros escuchaban. De repente, hubo un gran terremoto y la c\u00e1rcel se sacudi\u00f3 hasta sus cimientos. Al instante, todas las puertas se abrieron de golpe, \u00a1y a todos los prisioneros se les cayeron las cadenas!<\/p>\n","protected":false},"author":3,"featured_media":0,"comment_status":"open","ping_status":"open","sticky":false,"template":"","format":"standard","meta":{"footnotes":""},"categories":[1],"tags":[],"_links":{"self":[{"href":"http:\/\/damas.laiglesiadelacomunidad.com\/index.php?rest_route=\/wp\/v2\/posts\/6591"}],"collection":[{"href":"http:\/\/damas.laiglesiadelacomunidad.com\/index.php?rest_route=\/wp\/v2\/posts"}],"about":[{"href":"http:\/\/damas.laiglesiadelacomunidad.com\/index.php?rest_route=\/wp\/v2\/types\/post"}],"author":[{"embeddable":true,"href":"http:\/\/damas.laiglesiadelacomunidad.com\/index.php?rest_route=\/wp\/v2\/users\/3"}],"replies":[{"embeddable":true,"href":"http:\/\/damas.laiglesiadelacomunidad.com\/index.php?rest_route=%2Fwp%2Fv2%2Fcomments&post=6591"}],"version-history":[{"count":1,"href":"http:\/\/damas.laiglesiadelacomunidad.com\/index.php?rest_route=\/wp\/v2\/posts\/6591\/revisions"}],"predecessor-version":[{"id":6592,"href":"http:\/\/damas.laiglesiadelacomunidad.com\/index.php?rest_route=\/wp\/v2\/posts\/6591\/revisions\/6592"}],"wp:attachment":[{"href":"http:\/\/damas.laiglesiadelacomunidad.com\/index.php?rest_route=%2Fwp%2Fv2%2Fmedia&parent=6591"}],"wp:term":[{"taxonomy":"category","embeddable":true,"href":"http:\/\/damas.laiglesiadelacomunidad.com\/index.php?rest_route=%2Fwp%2Fv2%2Fcategories&post=6591"},{"taxonomy":"post_tag","embeddable":true,"href":"http:\/\/damas.laiglesiadelacomunidad.com\/index.php?rest_route=%2Fwp%2Fv2%2Ftags&post=6591"}],"curies":[{"name":"wp","href":"https:\/\/api.w.org\/{rel}","templated":true}]}}