{"id":6581,"date":"2015-02-20T12:35:27","date_gmt":"2015-02-20T18:35:27","guid":{"rendered":"http:\/\/damas.laiglesiadelacomunidad.com\/?p=6581"},"modified":"2015-02-20T12:52:39","modified_gmt":"2015-02-20T18:52:39","slug":"estudio-viernes-20-de-feb-2015","status":"publish","type":"post","link":"http:\/\/damas.laiglesiadelacomunidad.com\/?p=6581","title":{"rendered":"Estudio Viernes 20 de Feb. 2015"},"content":{"rendered":"<p>Linda Ma\u00f1ana y buen estudio tuvimos hoy en la reuni\u00f3n, gracias Albita por la ense\u00f1anza que nos dio hoy, gracias Estelita por la visita y los comentarios, gracias por el \u00e1nimo que nos da en cada visita.<\/p>\n<p><span id=\"es-RVC-18432\" class=\"text Isa-40-10\">\u00a1<strong>Miren! Dios el Se\u00f1or viene con poder, y su brazo dominar\u00e1. \u00a1Miren! Ya trae con \u00e9l su recompensa; ya le precede el galard\u00f3n.<\/strong><\/span> <span id=\"es-RVC-18433\" class=\"text Isa-40-11\"><strong>Cuidar\u00e1 de su reba\u00f1o como un pastor; en sus brazos, junto a su pecho, llevar\u00e1 a los corderos, y guiar\u00e1 con suavidad a las ovejas reci\u00e9n paridas<\/strong>.Isaias 40:10-11<\/span><\/p>\n<p><strong><span id=\"es-RVC-18449\" class=\"text Isa-40-27\">T\u00fa, Jacob, \u00bfpor qu\u00e9 dices que tu camino est\u00e1 oculto para el Se\u00f1or? \u00bfPor qu\u00e9, Israel, alegas que Dios pasa por alto tu derecho?<\/span> <span id=\"es-RVC-18450\" class=\"text Isa-40-28\"><sup class=\"versenum\">\u00a0<\/sup>\u00bfAcaso no sabes, ni nunca o\u00edste decir, que el Se\u00f1or es el Dios eterno y que \u00e9l cre\u00f3 los confines de la tierra? El Se\u00f1or no desfallece, ni se fatiga con cansancio; \u00a1no hay quien alcance a comprender su entendimiento!<\/span> <span id=\"es-RVC-18451\" class=\"text Isa-40-29\"><sup class=\"versenum\">\u00a0<\/sup>El Se\u00f1or da fuerzas al cansado, y aumenta el vigor del que desfallece.<\/span> <span id=\"es-RVC-18452\" class=\"text Isa-40-30\">Los j\u00f3venes se fatigan y se cansan; los m\u00e1s fuertes flaquean y caen;<\/span> <\/strong><span id=\"es-RVC-18453\" class=\"text Isa-40-31\"><strong>pero los que conf\u00edan en el Se\u00f1or recobran las fuerzas y levantan el vuelo, como las \u00e1guilas; corren, y no se cansan; caminan, y no se fatigan.<\/strong> Isaias 40:27-31<\/span><\/p>\n<p>Que el Se\u00f1or bendiga su fin de semana;<\/p>\n<p>Jackie C.<\/p>\n<p>&nbsp;<\/p>\n<p><a href=\"http:\/\/damas.laiglesiadelacomunidad.com\/wp-content\/uploads\/2015\/02\/IMG_0212.jpg\"><img decoding=\"async\" class=\"alignnone size-full\" src=\"http:\/\/damas.laiglesiadelacomunidad.com\/wp-content\/uploads\/2015\/02\/IMG_0212.jpg\" alt=\"(null)\" \/><\/a><\/p>\n<p><a href=\"http:\/\/damas.laiglesiadelacomunidad.com\/wp-content\/uploads\/2015\/02\/IMG_0213.jpg\"><img decoding=\"async\" class=\"alignnone size-full\" src=\"http:\/\/damas.laiglesiadelacomunidad.com\/wp-content\/uploads\/2015\/02\/IMG_0213.jpg\" alt=\"(null)\" \/><\/a><\/p>\n","protected":false},"excerpt":{"rendered":"<p>Linda Ma\u00f1ana y buen estudio tuvimos hoy en la reuni\u00f3n, gracias Albita por la ense\u00f1anza que nos dio hoy, gracias Estelita por la visita y los comentarios, gracias por el \u00e1nimo que nos da en cada visita. \u00a1Miren! Dios el Se\u00f1or viene con poder, y su brazo dominar\u00e1. \u00a1Miren! Ya trae con \u00e9l su recompensa; &hellip; <a href=\"http:\/\/damas.laiglesiadelacomunidad.com\/?p=6581\" class=\"more-link\">Continue reading <span class=\"screen-reader-text\">Estudio Viernes 20 de Feb. 2015<\/span> <span class=\"meta-nav\">&rarr;<\/span><\/a><\/p>\n","protected":false},"author":2,"featured_media":0,"comment_status":"open","ping_status":"open","sticky":false,"template":"","format":"standard","meta":{"footnotes":""},"categories":[6],"tags":[],"_links":{"self":[{"href":"http:\/\/damas.laiglesiadelacomunidad.com\/index.php?rest_route=\/wp\/v2\/posts\/6581"}],"collection":[{"href":"http:\/\/damas.laiglesiadelacomunidad.com\/index.php?rest_route=\/wp\/v2\/posts"}],"about":[{"href":"http:\/\/damas.laiglesiadelacomunidad.com\/index.php?rest_route=\/wp\/v2\/types\/post"}],"author":[{"embeddable":true,"href":"http:\/\/damas.laiglesiadelacomunidad.com\/index.php?rest_route=\/wp\/v2\/users\/2"}],"replies":[{"embeddable":true,"href":"http:\/\/damas.laiglesiadelacomunidad.com\/index.php?rest_route=%2Fwp%2Fv2%2Fcomments&post=6581"}],"version-history":[{"count":3,"href":"http:\/\/damas.laiglesiadelacomunidad.com\/index.php?rest_route=\/wp\/v2\/posts\/6581\/revisions"}],"predecessor-version":[{"id":6586,"href":"http:\/\/damas.laiglesiadelacomunidad.com\/index.php?rest_route=\/wp\/v2\/posts\/6581\/revisions\/6586"}],"wp:attachment":[{"href":"http:\/\/damas.laiglesiadelacomunidad.com\/index.php?rest_route=%2Fwp%2Fv2%2Fmedia&parent=6581"}],"wp:term":[{"taxonomy":"category","embeddable":true,"href":"http:\/\/damas.laiglesiadelacomunidad.com\/index.php?rest_route=%2Fwp%2Fv2%2Fcategories&post=6581"},{"taxonomy":"post_tag","embeddable":true,"href":"http:\/\/damas.laiglesiadelacomunidad.com\/index.php?rest_route=%2Fwp%2Fv2%2Ftags&post=6581"}],"curies":[{"name":"wp","href":"https:\/\/api.w.org\/{rel}","templated":true}]}}