{"id":6538,"date":"2015-02-18T21:19:06","date_gmt":"2015-02-19T03:19:06","guid":{"rendered":"http:\/\/damas.laiglesiadelacomunidad.com\/?p=6538"},"modified":"2015-02-18T21:19:34","modified_gmt":"2015-02-19T03:19:34","slug":"estudio-18-de-febrero-2015","status":"publish","type":"post","link":"http:\/\/damas.laiglesiadelacomunidad.com\/?p=6538","title":{"rendered":"Estudio 18 de Febrero 2015"},"content":{"rendered":"<p>Gracias a Dios por tan Linda noche y por tan buen estudio.<\/p>\n<p>A veces pensamos que la ense\u00f1anza es algo que solo recibimos, pero hoy en el estudio pusimos en practica la idea grande del domingo, EL SEGUIDOR SE JES\u00daS SE DEDICA A ENSE\u00d1AR, yo creo que por estar practicando y por vivir tan unidas en comunidad de cristianas se nos hace f\u00e1cil ense\u00f1ar, exhortar, consolar etc. Hoy fue un buen ejemplo de ellos, gracias por ser tan abiertas con su vida y por compartirla con todas nosotras, yo se que su ense\u00f1anza va a ser de mucha ayuda para todas desde Mich hasta do\u00f1a Beatriz :).<\/p>\n<p><strong>Cuando Jes\u00fas vio a la multitud, subi\u00f3 al monte y se sent\u00f3. Entonces sus disc\u00edpulos se le acercaron, y \u00e9l comenz\u00f3 a ense\u00f1arles diciendo<\/strong>: (\u202dSan Mateo\u202c \u202d5\u202c:\u202d1-2\u202c RVC)<\/p>\n<p><strong>\u00bbLleven estas palabras m\u00edas en su coraz\u00f3n y en su alma. \u00c1tenlas como se\u00f1al en su mano, y ll\u00e9venlas como frontales en medio de sus ojos. Ens\u00e9\u00f1enselas a sus hijos, y hablen de ellas cuando te encuentres descansando en tu casa, y cuando vayas por el camino, y cuando te acuestes, y cuando te levantes. Inscr\u00edbelas en los postes de tu casa, y en tus puertas, para que en la tierra que el Se\u00f1or jur\u00f3 dar a sus padres sean los d\u00edas de ustedes, y los de sus hijos, tan numerosos como los d\u00edas de los cielos sobre la tierra.<\/strong> (\u202dDeuteronomio\u202c \u202d11\u202c:\u202d18-21\u202c RVC)<\/p>\n<p><strong>Cuando terminaron de orar, el lugar donde estaban congregados se sacudi\u00f3, y todos fueron llenos del Esp\u00edritu Santo y proclamaban la palabra de Dios sin ning\u00fan temor<\/strong>. (\u202dHechos\u202c \u202d4\u202c:\u202d31\u202c RVC)<\/p>\n<p><strong>Asimismo, las ancianas deben ser reverentes en su porte y maestras del bien, no calumniadoras ni esclavas del vino; deben ense\u00f1ar a las mujeres m\u00e1s j\u00f3venes a amar a sus maridos y a sus hijos, a ser prudentes, castas, cuidadosas de su casa, buenas y sujetas a sus maridos, para que la palabra de Dios no sea blasfemada<\/strong>. (\u202dTito\u202c \u202d2\u202c:\u202d3-5\u202c RVC)<\/p>\n<p>Se\u00f1or te pedimos que sigas d\u00e1ndonos el don de ense\u00f1ar, te lo pedimos en nombre de nuestro se\u00f1or Jesucristo, amen. <\/p>\n<p>Que el Se\u00f1or siga bendiciendo su semana, las quiero mucho.<\/p>\n<p>Jackie C.<\/p>\n","protected":false},"excerpt":{"rendered":"<p>Gracias a Dios por tan Linda noche y por tan buen estudio. A veces pensamos que la ense\u00f1anza es algo que solo recibimos, pero hoy en el estudio pusimos en practica la idea grande del domingo, EL SEGUIDOR SE JES\u00daS SE DEDICA A ENSE\u00d1AR, yo creo que por estar practicando y por vivir tan unidas &hellip; <a href=\"http:\/\/damas.laiglesiadelacomunidad.com\/?p=6538\" class=\"more-link\">Continue reading <span class=\"screen-reader-text\">Estudio 18 de Febrero 2015<\/span> <span class=\"meta-nav\">&rarr;<\/span><\/a><\/p>\n","protected":false},"author":2,"featured_media":0,"comment_status":"open","ping_status":"open","sticky":false,"template":"","format":"gallery","meta":{"footnotes":""},"categories":[5],"tags":[],"_links":{"self":[{"href":"http:\/\/damas.laiglesiadelacomunidad.com\/index.php?rest_route=\/wp\/v2\/posts\/6538"}],"collection":[{"href":"http:\/\/damas.laiglesiadelacomunidad.com\/index.php?rest_route=\/wp\/v2\/posts"}],"about":[{"href":"http:\/\/damas.laiglesiadelacomunidad.com\/index.php?rest_route=\/wp\/v2\/types\/post"}],"author":[{"embeddable":true,"href":"http:\/\/damas.laiglesiadelacomunidad.com\/index.php?rest_route=\/wp\/v2\/users\/2"}],"replies":[{"embeddable":true,"href":"http:\/\/damas.laiglesiadelacomunidad.com\/index.php?rest_route=%2Fwp%2Fv2%2Fcomments&post=6538"}],"version-history":[{"count":1,"href":"http:\/\/damas.laiglesiadelacomunidad.com\/index.php?rest_route=\/wp\/v2\/posts\/6538\/revisions"}],"predecessor-version":[{"id":6539,"href":"http:\/\/damas.laiglesiadelacomunidad.com\/index.php?rest_route=\/wp\/v2\/posts\/6538\/revisions\/6539"}],"wp:attachment":[{"href":"http:\/\/damas.laiglesiadelacomunidad.com\/index.php?rest_route=%2Fwp%2Fv2%2Fmedia&parent=6538"}],"wp:term":[{"taxonomy":"category","embeddable":true,"href":"http:\/\/damas.laiglesiadelacomunidad.com\/index.php?rest_route=%2Fwp%2Fv2%2Fcategories&post=6538"},{"taxonomy":"post_tag","embeddable":true,"href":"http:\/\/damas.laiglesiadelacomunidad.com\/index.php?rest_route=%2Fwp%2Fv2%2Ftags&post=6538"}],"curies":[{"name":"wp","href":"https:\/\/api.w.org\/{rel}","templated":true}]}}