{"id":6364,"date":"2015-02-04T10:34:03","date_gmt":"2015-02-04T16:34:03","guid":{"rendered":"http:\/\/damas.laiglesiadelacomunidad.com\/?p=6364"},"modified":"2015-02-04T10:34:03","modified_gmt":"2015-02-04T16:34:03","slug":"tu-eres-fiel","status":"publish","type":"post","link":"http:\/\/damas.laiglesiadelacomunidad.com\/?p=6364","title":{"rendered":"T\u00fa Eres Fiel!"},"content":{"rendered":"<p>2 Tesalonicenses 3:3 NTV<br \/>\nPero el Se\u00f1or es fiel; \u00e9l los fortalecer\u00e1 y los proteger\u00e1 del maligno.<\/p>\n<p><a href=\"http:\/\/damas.laiglesiadelacomunidad.com\/wp-content\/uploads\/2015\/02\/wpid-fb_img_1423067319786.jpg\"><img decoding=\"async\" title=\"FB_IMG_1423067319786.jpg\" class=\"alignnone size-full\" alt=\"image\" src=\"http:\/\/damas.laiglesiadelacomunidad.com\/wp-content\/uploads\/2015\/02\/wpid-fb_img_1423067319786.jpg\" \/><\/a><\/p>\n","protected":false},"excerpt":{"rendered":"<p>2 Tesalonicenses 3:3 NTV Pero el Se\u00f1or es fiel; \u00e9l los fortalecer\u00e1 y los proteger\u00e1 del maligno.<\/p>\n","protected":false},"author":3,"featured_media":0,"comment_status":"open","ping_status":"open","sticky":false,"template":"","format":"standard","meta":{"footnotes":""},"categories":[1],"tags":[],"_links":{"self":[{"href":"http:\/\/damas.laiglesiadelacomunidad.com\/index.php?rest_route=\/wp\/v2\/posts\/6364"}],"collection":[{"href":"http:\/\/damas.laiglesiadelacomunidad.com\/index.php?rest_route=\/wp\/v2\/posts"}],"about":[{"href":"http:\/\/damas.laiglesiadelacomunidad.com\/index.php?rest_route=\/wp\/v2\/types\/post"}],"author":[{"embeddable":true,"href":"http:\/\/damas.laiglesiadelacomunidad.com\/index.php?rest_route=\/wp\/v2\/users\/3"}],"replies":[{"embeddable":true,"href":"http:\/\/damas.laiglesiadelacomunidad.com\/index.php?rest_route=%2Fwp%2Fv2%2Fcomments&post=6364"}],"version-history":[{"count":1,"href":"http:\/\/damas.laiglesiadelacomunidad.com\/index.php?rest_route=\/wp\/v2\/posts\/6364\/revisions"}],"predecessor-version":[{"id":6365,"href":"http:\/\/damas.laiglesiadelacomunidad.com\/index.php?rest_route=\/wp\/v2\/posts\/6364\/revisions\/6365"}],"wp:attachment":[{"href":"http:\/\/damas.laiglesiadelacomunidad.com\/index.php?rest_route=%2Fwp%2Fv2%2Fmedia&parent=6364"}],"wp:term":[{"taxonomy":"category","embeddable":true,"href":"http:\/\/damas.laiglesiadelacomunidad.com\/index.php?rest_route=%2Fwp%2Fv2%2Fcategories&post=6364"},{"taxonomy":"post_tag","embeddable":true,"href":"http:\/\/damas.laiglesiadelacomunidad.com\/index.php?rest_route=%2Fwp%2Fv2%2Ftags&post=6364"}],"curies":[{"name":"wp","href":"https:\/\/api.w.org\/{rel}","templated":true}]}}