{"id":6321,"date":"2015-01-30T07:35:21","date_gmt":"2015-01-30T13:35:21","guid":{"rendered":"http:\/\/damas.laiglesiadelacomunidad.com\/?p=6321"},"modified":"2015-01-29T22:54:40","modified_gmt":"2015-01-30T04:54:40","slug":"versiculos-para-meditar-97","status":"publish","type":"post","link":"http:\/\/damas.laiglesiadelacomunidad.com\/?p=6321","title":{"rendered":"Vers\u00edculos para Meditar"},"content":{"rendered":"<p>Por eso cada uno de ustedes debe desechar la mentira y hablar la verdad con su pr\u00f3jimo; porque somos miembros los unos de los otros. En\u00f3jense, pero no pequen; reconc\u00edliense antes de que el sol se ponga, y no den lugar al diablo. El que antes robaba, que no vuelva a robar; al contrario, que trabaje y use sus manos para el bien, a fin de que pueda compartir algo con quien tenga alguna necesidad. (\u202dEfesios\u202c \u202d4\u202c:\u202d25-28\u202c RVC)<\/p>\n","protected":false},"excerpt":{"rendered":"<p>Por eso cada uno de ustedes debe desechar la mentira y hablar la verdad con su pr\u00f3jimo; porque somos miembros los unos de los otros. En\u00f3jense, pero no pequen; reconc\u00edliense antes de que el sol se ponga, y no den lugar al diablo. El que antes robaba, que no vuelva a robar; al contrario, que &hellip; <a href=\"http:\/\/damas.laiglesiadelacomunidad.com\/?p=6321\" class=\"more-link\">Continue reading <span class=\"screen-reader-text\">Vers\u00edculos para Meditar<\/span> <span class=\"meta-nav\">&rarr;<\/span><\/a><\/p>\n","protected":false},"author":2,"featured_media":0,"comment_status":"open","ping_status":"open","sticky":false,"template":"","format":"chat","meta":{"footnotes":""},"categories":[5],"tags":[],"_links":{"self":[{"href":"http:\/\/damas.laiglesiadelacomunidad.com\/index.php?rest_route=\/wp\/v2\/posts\/6321"}],"collection":[{"href":"http:\/\/damas.laiglesiadelacomunidad.com\/index.php?rest_route=\/wp\/v2\/posts"}],"about":[{"href":"http:\/\/damas.laiglesiadelacomunidad.com\/index.php?rest_route=\/wp\/v2\/types\/post"}],"author":[{"embeddable":true,"href":"http:\/\/damas.laiglesiadelacomunidad.com\/index.php?rest_route=\/wp\/v2\/users\/2"}],"replies":[{"embeddable":true,"href":"http:\/\/damas.laiglesiadelacomunidad.com\/index.php?rest_route=%2Fwp%2Fv2%2Fcomments&post=6321"}],"version-history":[{"count":1,"href":"http:\/\/damas.laiglesiadelacomunidad.com\/index.php?rest_route=\/wp\/v2\/posts\/6321\/revisions"}],"predecessor-version":[{"id":6322,"href":"http:\/\/damas.laiglesiadelacomunidad.com\/index.php?rest_route=\/wp\/v2\/posts\/6321\/revisions\/6322"}],"wp:attachment":[{"href":"http:\/\/damas.laiglesiadelacomunidad.com\/index.php?rest_route=%2Fwp%2Fv2%2Fmedia&parent=6321"}],"wp:term":[{"taxonomy":"category","embeddable":true,"href":"http:\/\/damas.laiglesiadelacomunidad.com\/index.php?rest_route=%2Fwp%2Fv2%2Fcategories&post=6321"},{"taxonomy":"post_tag","embeddable":true,"href":"http:\/\/damas.laiglesiadelacomunidad.com\/index.php?rest_route=%2Fwp%2Fv2%2Ftags&post=6321"}],"curies":[{"name":"wp","href":"https:\/\/api.w.org\/{rel}","templated":true}]}}