{"id":6305,"date":"2015-01-29T07:12:13","date_gmt":"2015-01-29T13:12:13","guid":{"rendered":"http:\/\/damas.laiglesiadelacomunidad.com\/?p=6305"},"modified":"2015-01-28T22:13:51","modified_gmt":"2015-01-29T04:13:51","slug":"versiculos-para-meditar-96","status":"publish","type":"post","link":"http:\/\/damas.laiglesiadelacomunidad.com\/?p=6305","title":{"rendered":"Vers\u00edculos para Meditar"},"content":{"rendered":"<p><span id=\"es-NVI-29783\" class=\"text 2Tim-2-1\">As\u00ed que t\u00fa, hijo m\u00edo, fortal\u00e9cete por la gracia que tenemos en Cristo Jes\u00fas.<span style=\"font-size: 12px; line-height: 0px;\">\u00a0<\/span><\/span><span id=\"es-NVI-29784\" class=\"text 2Tim-2-2\">Lo que me has o\u00eddo decir en presencia de muchos testigos, encomi\u00e9ndalo a creyentes dignos de confianza, que a su vez est\u00e9n capacitados para ense\u00f1ar a otros. 2 Timoteo 2:1-2<\/span><\/p>\n","protected":false},"excerpt":{"rendered":"<p>As\u00ed que t\u00fa, hijo m\u00edo, fortal\u00e9cete por la gracia que tenemos en Cristo Jes\u00fas.\u00a0Lo que me has o\u00eddo decir en presencia de muchos testigos, encomi\u00e9ndalo a creyentes dignos de confianza, que a su vez est\u00e9n capacitados para ense\u00f1ar a otros. 2 Timoteo 2:1-2<\/p>\n","protected":false},"author":2,"featured_media":0,"comment_status":"open","ping_status":"open","sticky":false,"template":"","format":"chat","meta":{"footnotes":""},"categories":[5],"tags":[],"_links":{"self":[{"href":"http:\/\/damas.laiglesiadelacomunidad.com\/index.php?rest_route=\/wp\/v2\/posts\/6305"}],"collection":[{"href":"http:\/\/damas.laiglesiadelacomunidad.com\/index.php?rest_route=\/wp\/v2\/posts"}],"about":[{"href":"http:\/\/damas.laiglesiadelacomunidad.com\/index.php?rest_route=\/wp\/v2\/types\/post"}],"author":[{"embeddable":true,"href":"http:\/\/damas.laiglesiadelacomunidad.com\/index.php?rest_route=\/wp\/v2\/users\/2"}],"replies":[{"embeddable":true,"href":"http:\/\/damas.laiglesiadelacomunidad.com\/index.php?rest_route=%2Fwp%2Fv2%2Fcomments&post=6305"}],"version-history":[{"count":2,"href":"http:\/\/damas.laiglesiadelacomunidad.com\/index.php?rest_route=\/wp\/v2\/posts\/6305\/revisions"}],"predecessor-version":[{"id":6311,"href":"http:\/\/damas.laiglesiadelacomunidad.com\/index.php?rest_route=\/wp\/v2\/posts\/6305\/revisions\/6311"}],"wp:attachment":[{"href":"http:\/\/damas.laiglesiadelacomunidad.com\/index.php?rest_route=%2Fwp%2Fv2%2Fmedia&parent=6305"}],"wp:term":[{"taxonomy":"category","embeddable":true,"href":"http:\/\/damas.laiglesiadelacomunidad.com\/index.php?rest_route=%2Fwp%2Fv2%2Fcategories&post=6305"},{"taxonomy":"post_tag","embeddable":true,"href":"http:\/\/damas.laiglesiadelacomunidad.com\/index.php?rest_route=%2Fwp%2Fv2%2Ftags&post=6305"}],"curies":[{"name":"wp","href":"https:\/\/api.w.org\/{rel}","templated":true}]}}