{"id":6275,"date":"2015-01-27T07:25:49","date_gmt":"2015-01-27T13:25:49","guid":{"rendered":"http:\/\/damas.laiglesiadelacomunidad.com\/?p=6275"},"modified":"2015-01-26T12:28:06","modified_gmt":"2015-01-26T18:28:06","slug":"versiculos-para-meditar-94","status":"publish","type":"post","link":"http:\/\/damas.laiglesiadelacomunidad.com\/?p=6275","title":{"rendered":"Vers\u00edculos para Meditar"},"content":{"rendered":"<p>Y a ti, ni\u00f1o, te llamar\u00e1n \u201cProfeta del Alt\u00edsimo\u201d, porque ir\u00e1s precediendo al Se\u00f1or para preparar sus caminos. Dar\u00e1s a conocer a su pueblo la salvaci\u00f3n y el perd\u00f3n de sus pecados, por la entra\u00f1able misericordia de nuestro Dios. La aurora nos visit\u00f3 desde lo alto, para alumbrar a los que viven en tinieblas y en medio de sombras de muerte; para encaminarnos por la senda de la paz.\u00bb (\u202dSan Lucas\u202c \u202d1\u202c:\u202d76-79\u202c RVC)<\/p>\n","protected":false},"excerpt":{"rendered":"<p>Y a ti, ni\u00f1o, te llamar\u00e1n \u201cProfeta del Alt\u00edsimo\u201d, porque ir\u00e1s precediendo al Se\u00f1or para preparar sus caminos. Dar\u00e1s a conocer a su pueblo la salvaci\u00f3n y el perd\u00f3n de sus pecados, por la entra\u00f1able misericordia de nuestro Dios. La aurora nos visit\u00f3 desde lo alto, para alumbrar a los que viven en tinieblas y &hellip; <a href=\"http:\/\/damas.laiglesiadelacomunidad.com\/?p=6275\" class=\"more-link\">Continue reading <span class=\"screen-reader-text\">Vers\u00edculos para Meditar<\/span> <span class=\"meta-nav\">&rarr;<\/span><\/a><\/p>\n","protected":false},"author":2,"featured_media":0,"comment_status":"open","ping_status":"open","sticky":false,"template":"","format":"chat","meta":{"footnotes":""},"categories":[5],"tags":[],"_links":{"self":[{"href":"http:\/\/damas.laiglesiadelacomunidad.com\/index.php?rest_route=\/wp\/v2\/posts\/6275"}],"collection":[{"href":"http:\/\/damas.laiglesiadelacomunidad.com\/index.php?rest_route=\/wp\/v2\/posts"}],"about":[{"href":"http:\/\/damas.laiglesiadelacomunidad.com\/index.php?rest_route=\/wp\/v2\/types\/post"}],"author":[{"embeddable":true,"href":"http:\/\/damas.laiglesiadelacomunidad.com\/index.php?rest_route=\/wp\/v2\/users\/2"}],"replies":[{"embeddable":true,"href":"http:\/\/damas.laiglesiadelacomunidad.com\/index.php?rest_route=%2Fwp%2Fv2%2Fcomments&post=6275"}],"version-history":[{"count":1,"href":"http:\/\/damas.laiglesiadelacomunidad.com\/index.php?rest_route=\/wp\/v2\/posts\/6275\/revisions"}],"predecessor-version":[{"id":6276,"href":"http:\/\/damas.laiglesiadelacomunidad.com\/index.php?rest_route=\/wp\/v2\/posts\/6275\/revisions\/6276"}],"wp:attachment":[{"href":"http:\/\/damas.laiglesiadelacomunidad.com\/index.php?rest_route=%2Fwp%2Fv2%2Fmedia&parent=6275"}],"wp:term":[{"taxonomy":"category","embeddable":true,"href":"http:\/\/damas.laiglesiadelacomunidad.com\/index.php?rest_route=%2Fwp%2Fv2%2Fcategories&post=6275"},{"taxonomy":"post_tag","embeddable":true,"href":"http:\/\/damas.laiglesiadelacomunidad.com\/index.php?rest_route=%2Fwp%2Fv2%2Ftags&post=6275"}],"curies":[{"name":"wp","href":"https:\/\/api.w.org\/{rel}","templated":true}]}}