{"id":6261,"date":"2015-01-25T22:35:35","date_gmt":"2015-01-26T04:35:35","guid":{"rendered":"http:\/\/damas.laiglesiadelacomunidad.com\/?p=6261"},"modified":"2015-01-25T23:26:30","modified_gmt":"2015-01-26T05:26:30","slug":"reunion-25-de-enero-2015","status":"publish","type":"post","link":"http:\/\/damas.laiglesiadelacomunidad.com\/?p=6261","title":{"rendered":"Reuni\u00f3n 25 de Enero 2015"},"content":{"rendered":"<p>Gracias Se\u00f1or por tan buena reuni\u00f3n, gracias por reunirnos y por darnos tan buen mensaje. Gracias a todos los voluntarios por hacer todo \u00e9ste trabajo para podernos reunir y participar de la alabanza, adoraci\u00f3n y la comuni\u00f3n. Dios bendiga esos corazones dispuestos a ayudar.<\/p>\n<p>El tema de hoy fue:<strong> &#8220;Seguidores que hacen otros seguidores&#8221;\u00a0<\/strong>y la idea grande de hoy fue:<strong> &#8220;Jes\u00fas nos llama a ser seguidores, que hacen otros seguidores&#8221;.\u00a0<\/strong>Como hemos visto en el libro de Mateo, ves tr\u00e1s ves el llamado de Jes\u00fas fue siganme, sean como yo, hagan lo que yo hago. Y nos dice que tenemos que \u00a0hacer, nos di\u00f3 ejemplos con su vida, con sus evangelio, y nos dejo su gran comisi\u00f3n que da un resumen de lo que es seguirle y de lo que tenemos que hacer.<\/p>\n<p>Esta misi\u00f3n o llamado de Jes\u00fas no es opcional, no es solamente bautizarse y nada m\u00e1s, Jes\u00fas quiere que al seguirlo seamos como \u00c9l, el ejemplo que \u00c9l \u00a0nos di\u00f3 no era de quedarse sentado cada domingo en la sinagoga, \u00c9l trabajaba en el Reino de su Padre d\u00eda y noche, y ayudaba a muchos a ser parte de ese Reino, y eso es lo que \u00c9l pide de nosotros, que nos entreguemos a ayudar a otros a conocerle y ayudarles a seguir la vida de un verdadero seguidor de Jes\u00fas. Para eso nosotros mismos tenemos que poner en pr\u00e1ctica las instrucciones que \u00c9l nos dej\u00f3 y no importa en que estado de madurez estamos podemos ayudar a otros a conocer a Jes\u00fas. Si te parece un poco d\u00edficil, en la iglesia contamos con dos libros que a mi personalmente me han ayudado mucho a ense\u00f1ar el evangelio uno es <a href=\"http:\/\/pazcondios.com\/?page_id=2478\">Quiero Paz Con Dios<\/a>\u00a0y el otro es <a href=\"http:\/\/pazcondios.com\/?page_id=2508\">Mi Pr\u00f3ximo Paso<\/a>. Y si nos pides ayuda ya sabes, nunca decimos no \ud83d\ude42 .<\/p>\n<p><strong><span id=\"es-RVC-23229\" class=\"text Matt-4-18\">Mientras Jes\u00fas caminaba junto al lago de Galilea, vio a dos hermanos, Sim\u00f3n, llamado Pedro, y Andr\u00e9s, que estaban echando la red al agua, pues eran pescadores.<\/span> <span id=\"es-RVC-23230\" class=\"text Matt-4-19\">Jes\u00fas les dijo: <span style=\"color: #ff0000;\">\u00abS\u00edganme, y yo har\u00e9 de ustedes pescadores de hombres.\u00bb<\/span><\/span> <span id=\"es-RVC-23231\" class=\"text Matt-4-20\">Ellos entonces, dejando al instante las redes, lo siguieron.<\/span><span id=\"es-RVC-23232\" class=\"text Matt-4-21\"><sup class=\"versenum\">\u00a0<\/sup>Un poco m\u00e1s adelante, Jes\u00fas vio a otros dos hermanos, Jacobo y Juan, hijos de Zebedeo, quienes estaban en la barca, junto a su padre, y remendaban sus redes. Jes\u00fas los llam\u00f3,<\/span> <\/strong><span id=\"es-RVC-23233\" class=\"text Matt-4-22\"><strong>y ellos, dejando al instante la barca y a su padre, lo siguieron.<\/strong> Mateo 4:18-22<\/span><\/p>\n<p><span id=\"es-RVC-24215\" class=\"text Matt-28-18\"><sup class=\"versenum\">\u00a0<\/sup><strong>Jes\u00fas se acerc\u00f3 y les dijo: <span style=\"color: #ff0000;\">\u00abToda autoridad me ha sido dada en el cielo y en la tierra.<\/span><\/strong><\/span><strong><span id=\"es-RVC-24216\" class=\"text Matt-28-19\" style=\"color: #ff0000;\"> Por tanto, vayan y hagan disc\u00edpulos en todas las naciones, y baut\u00edcenlos en el nombre del Padre, y del Hijo, y del Esp\u00edritu Santo.<\/span><span id=\"es-RVC-24217\" class=\"text Matt-28-20\"><span style=\"color: #ff0000;\">Ens\u00e9\u00f1enles a cumplir todas las cosas que les he mandado. Y yo estar\u00e9 con ustedes todos los d\u00edas, hasta el fin del mundo.\u00bb<\/span> <span style=\"color: #ff0000;\">Am\u00e9n.<\/span>\u00a0<\/span><\/strong><span id=\"es-RVC-24217\" class=\"text Matt-28-20\">Mateo 28:18-20<\/span><\/p>\n<p>Gracias Se\u00f1or por todo lo que nos has dado, especialmente por la salvaci\u00f3n de la que actualmente gozamos, te pedimos que toques los corazones de cada una de nosotras, que Tu nos ayudes a seguirte y que tomemos las decisiones que tenemos que tomar para acercarnos m\u00e1s a Ti, Que Tu Reino venga a nosotras hoy. Te lo pedimos en nombre de Jesucristo nuestro Se\u00f1or, Am\u00e9n.<\/p>\n<p>Por favor no dejemos de orar las unas por las otras, por Raulito, por Angelica, por el primo de Tyler, Sof\u00eda la hija de do\u00f1a Beatriz.<\/p>\n<p>Que pasen una linda semana;<\/p>\n<p>Jackie C.<\/p>\n<p><a href=\"http:\/\/damas.laiglesiadelacomunidad.com\/?attachment_id=6262\" rel=\"attachment wp-att-6262\"><img loading=\"lazy\" decoding=\"async\" class=\"alignnone size-full wp-image-6262\" src=\"http:\/\/damas.laiglesiadelacomunidad.com\/wp-content\/uploads\/2015\/01\/2015-01-25-22.05.55.jpg\" alt=\"2015-01-25 22.05.55\" width=\"720\" height=\"1280\" srcset=\"http:\/\/damas.laiglesiadelacomunidad.com\/wp-content\/uploads\/2015\/01\/2015-01-25-22.05.55.jpg 720w, http:\/\/damas.laiglesiadelacomunidad.com\/wp-content\/uploads\/2015\/01\/2015-01-25-22.05.55-169x300.jpg 169w, http:\/\/damas.laiglesiadelacomunidad.com\/wp-content\/uploads\/2015\/01\/2015-01-25-22.05.55-576x1024.jpg 576w\" sizes=\"(max-width: 720px) 100vw, 720px\" \/><\/a> <a href=\"http:\/\/damas.laiglesiadelacomunidad.com\/?attachment_id=6263\" rel=\"attachment wp-att-6263\"><img loading=\"lazy\" decoding=\"async\" class=\"alignnone size-full wp-image-6263\" src=\"http:\/\/damas.laiglesiadelacomunidad.com\/wp-content\/uploads\/2015\/01\/2015-01-25-22.06.05.jpg\" alt=\"2015-01-25 22.06.05\" width=\"1280\" height=\"720\" srcset=\"http:\/\/damas.laiglesiadelacomunidad.com\/wp-content\/uploads\/2015\/01\/2015-01-25-22.06.05.jpg 1280w, http:\/\/damas.laiglesiadelacomunidad.com\/wp-content\/uploads\/2015\/01\/2015-01-25-22.06.05-300x169.jpg 300w, http:\/\/damas.laiglesiadelacomunidad.com\/wp-content\/uploads\/2015\/01\/2015-01-25-22.06.05-1024x576.jpg 1024w\" sizes=\"(max-width: 1280px) 100vw, 1280px\" \/><\/a> <a href=\"http:\/\/damas.laiglesiadelacomunidad.com\/?attachment_id=6264\" rel=\"attachment wp-att-6264\"><img loading=\"lazy\" decoding=\"async\" class=\"alignnone size-full wp-image-6264\" src=\"http:\/\/damas.laiglesiadelacomunidad.com\/wp-content\/uploads\/2015\/01\/2015-01-25-22.06.18.jpg\" alt=\"2015-01-25 22.06.18\" width=\"1280\" height=\"720\" srcset=\"http:\/\/damas.laiglesiadelacomunidad.com\/wp-content\/uploads\/2015\/01\/2015-01-25-22.06.18.jpg 1280w, http:\/\/damas.laiglesiadelacomunidad.com\/wp-content\/uploads\/2015\/01\/2015-01-25-22.06.18-300x169.jpg 300w, http:\/\/damas.laiglesiadelacomunidad.com\/wp-content\/uploads\/2015\/01\/2015-01-25-22.06.18-1024x576.jpg 1024w\" sizes=\"(max-width: 1280px) 100vw, 1280px\" \/><\/a> <a href=\"http:\/\/damas.laiglesiadelacomunidad.com\/?attachment_id=6265\" rel=\"attachment wp-att-6265\"><img loading=\"lazy\" decoding=\"async\" class=\"alignnone size-full wp-image-6265\" src=\"http:\/\/damas.laiglesiadelacomunidad.com\/wp-content\/uploads\/2015\/01\/2015-01-25-22.06.24.jpg\" alt=\"2015-01-25 22.06.24\" width=\"1280\" height=\"720\" srcset=\"http:\/\/damas.laiglesiadelacomunidad.com\/wp-content\/uploads\/2015\/01\/2015-01-25-22.06.24.jpg 1280w, http:\/\/damas.laiglesiadelacomunidad.com\/wp-content\/uploads\/2015\/01\/2015-01-25-22.06.24-300x169.jpg 300w, http:\/\/damas.laiglesiadelacomunidad.com\/wp-content\/uploads\/2015\/01\/2015-01-25-22.06.24-1024x576.jpg 1024w\" sizes=\"(max-width: 1280px) 100vw, 1280px\" \/><\/a><\/p>\n","protected":false},"excerpt":{"rendered":"<p>Gracias Se\u00f1or por tan buena reuni\u00f3n, gracias por reunirnos y por darnos tan buen mensaje. Gracias a todos los voluntarios por hacer todo \u00e9ste trabajo para podernos reunir y participar de la alabanza, adoraci\u00f3n y la comuni\u00f3n. Dios bendiga esos corazones dispuestos a ayudar. El tema de hoy fue: &#8220;Seguidores que hacen otros seguidores&#8221;\u00a0y la &hellip; <a href=\"http:\/\/damas.laiglesiadelacomunidad.com\/?p=6261\" class=\"more-link\">Continue reading <span class=\"screen-reader-text\">Reuni\u00f3n 25 de Enero 2015<\/span> <span class=\"meta-nav\">&rarr;<\/span><\/a><\/p>\n","protected":false},"author":2,"featured_media":0,"comment_status":"open","ping_status":"open","sticky":false,"template":"","format":"gallery","meta":{"footnotes":""},"categories":[7],"tags":[],"_links":{"self":[{"href":"http:\/\/damas.laiglesiadelacomunidad.com\/index.php?rest_route=\/wp\/v2\/posts\/6261"}],"collection":[{"href":"http:\/\/damas.laiglesiadelacomunidad.com\/index.php?rest_route=\/wp\/v2\/posts"}],"about":[{"href":"http:\/\/damas.laiglesiadelacomunidad.com\/index.php?rest_route=\/wp\/v2\/types\/post"}],"author":[{"embeddable":true,"href":"http:\/\/damas.laiglesiadelacomunidad.com\/index.php?rest_route=\/wp\/v2\/users\/2"}],"replies":[{"embeddable":true,"href":"http:\/\/damas.laiglesiadelacomunidad.com\/index.php?rest_route=%2Fwp%2Fv2%2Fcomments&post=6261"}],"version-history":[{"count":3,"href":"http:\/\/damas.laiglesiadelacomunidad.com\/index.php?rest_route=\/wp\/v2\/posts\/6261\/revisions"}],"predecessor-version":[{"id":6268,"href":"http:\/\/damas.laiglesiadelacomunidad.com\/index.php?rest_route=\/wp\/v2\/posts\/6261\/revisions\/6268"}],"wp:attachment":[{"href":"http:\/\/damas.laiglesiadelacomunidad.com\/index.php?rest_route=%2Fwp%2Fv2%2Fmedia&parent=6261"}],"wp:term":[{"taxonomy":"category","embeddable":true,"href":"http:\/\/damas.laiglesiadelacomunidad.com\/index.php?rest_route=%2Fwp%2Fv2%2Fcategories&post=6261"},{"taxonomy":"post_tag","embeddable":true,"href":"http:\/\/damas.laiglesiadelacomunidad.com\/index.php?rest_route=%2Fwp%2Fv2%2Ftags&post=6261"}],"curies":[{"name":"wp","href":"https:\/\/api.w.org\/{rel}","templated":true}]}}