{"id":6258,"date":"2015-01-26T07:53:17","date_gmt":"2015-01-26T13:53:17","guid":{"rendered":"http:\/\/damas.laiglesiadelacomunidad.com\/?p=6258"},"modified":"2015-01-25T10:54:53","modified_gmt":"2015-01-25T16:54:53","slug":"versiculos-para-meditar-93","status":"publish","type":"post","link":"http:\/\/damas.laiglesiadelacomunidad.com\/?p=6258","title":{"rendered":"Vers\u00edculos para Meditar"},"content":{"rendered":"<div class=\"m\"><span class=\"verse v18 focused\" data-usfm=\"EPH.1.18\"><span class=\"content\">Pido tambi\u00e9n que Dios les d\u00e9 la luz necesaria para que sepan cu\u00e1l es la esperanza a la cual los ha llamado, cu\u00e1les son las riquezas de la gloria de su herencia en los santos,\u00a0<\/span><\/span>y cu\u00e1l la supereminente grandeza de su poder para con nosotros, los que creemos, seg\u00fan la acci\u00f3n de su fuerza poderosa,\u00a0<span class=\"content\">la cual oper\u00f3 en Cristo, y lo resucit\u00f3 de entre los muertos y lo sent\u00f3 a su derecha<\/span><span class=\"content\"> en los lugares celestiales,\u00a0<\/span>muy por encima de todo principado, autoridad, poder y se\u00f1or\u00edo, y por encima de todo nombre que se nombra, no s\u00f3lo en este tiempo, sino tambi\u00e9n en el venidero.<\/div>\n<div class=\"m\"><span class=\"verse v22 focused\" data-usfm=\"EPH.1.22\"><span class=\"content\">Dios someti\u00f3 todas las cosas bajo sus pies,<\/span><span class=\"content\"> y lo dio a la iglesia, como cabeza de todo,\u00a0<\/span><\/span><span class=\"content\">pues la iglesia es su cuerpo,<\/span><span class=\"content\"> la plenitud de Aquel que todo lo llena a plenitud. Efesios 1:18-23<\/span><\/div>\n","protected":false},"excerpt":{"rendered":"<p>Pido tambi\u00e9n que Dios les d\u00e9 la luz necesaria para que sepan cu\u00e1l es la esperanza a la cual los ha llamado, cu\u00e1les son las riquezas de la gloria de su herencia en los santos,\u00a0y cu\u00e1l la supereminente grandeza de su poder para con nosotros, los que creemos, seg\u00fan la acci\u00f3n de su fuerza poderosa,\u00a0la &hellip; <a href=\"http:\/\/damas.laiglesiadelacomunidad.com\/?p=6258\" class=\"more-link\">Continue reading <span class=\"screen-reader-text\">Vers\u00edculos para Meditar<\/span> <span class=\"meta-nav\">&rarr;<\/span><\/a><\/p>\n","protected":false},"author":2,"featured_media":0,"comment_status":"open","ping_status":"open","sticky":false,"template":"","format":"chat","meta":{"footnotes":""},"categories":[5],"tags":[],"_links":{"self":[{"href":"http:\/\/damas.laiglesiadelacomunidad.com\/index.php?rest_route=\/wp\/v2\/posts\/6258"}],"collection":[{"href":"http:\/\/damas.laiglesiadelacomunidad.com\/index.php?rest_route=\/wp\/v2\/posts"}],"about":[{"href":"http:\/\/damas.laiglesiadelacomunidad.com\/index.php?rest_route=\/wp\/v2\/types\/post"}],"author":[{"embeddable":true,"href":"http:\/\/damas.laiglesiadelacomunidad.com\/index.php?rest_route=\/wp\/v2\/users\/2"}],"replies":[{"embeddable":true,"href":"http:\/\/damas.laiglesiadelacomunidad.com\/index.php?rest_route=%2Fwp%2Fv2%2Fcomments&post=6258"}],"version-history":[{"count":2,"href":"http:\/\/damas.laiglesiadelacomunidad.com\/index.php?rest_route=\/wp\/v2\/posts\/6258\/revisions"}],"predecessor-version":[{"id":6260,"href":"http:\/\/damas.laiglesiadelacomunidad.com\/index.php?rest_route=\/wp\/v2\/posts\/6258\/revisions\/6260"}],"wp:attachment":[{"href":"http:\/\/damas.laiglesiadelacomunidad.com\/index.php?rest_route=%2Fwp%2Fv2%2Fmedia&parent=6258"}],"wp:term":[{"taxonomy":"category","embeddable":true,"href":"http:\/\/damas.laiglesiadelacomunidad.com\/index.php?rest_route=%2Fwp%2Fv2%2Fcategories&post=6258"},{"taxonomy":"post_tag","embeddable":true,"href":"http:\/\/damas.laiglesiadelacomunidad.com\/index.php?rest_route=%2Fwp%2Fv2%2Ftags&post=6258"}],"curies":[{"name":"wp","href":"https:\/\/api.w.org\/{rel}","templated":true}]}}