{"id":6251,"date":"2015-01-25T07:00:33","date_gmt":"2015-01-25T13:00:33","guid":{"rendered":"http:\/\/damas.laiglesiadelacomunidad.com\/?p=6251"},"modified":"2015-01-24T15:04:51","modified_gmt":"2015-01-24T21:04:51","slug":"versiculos-para-meditar-92","status":"publish","type":"post","link":"http:\/\/damas.laiglesiadelacomunidad.com\/?p=6251","title":{"rendered":"Vers\u00edculos para Meditar"},"content":{"rendered":"<p>Por eso yo me arrodillo delante del Padre de nuestro Se\u00f1or Jesucristo, de quien recibe su nombre toda familia en los cielos y en la tierra, para que por su Esp\u00edritu, y conforme a las riquezas de su gloria, los fortalezca interiormente con poder; para que por la fe Cristo habite en sus corazones, y para que, arraigados y cimentados en amor, sean ustedes plenamente capaces de comprender, con todos los santos, cu\u00e1l es la anchura, la longitud, la profundidad y la altura del amor de Cristo; en fin, que conozcan ese amor, que excede a todo conocimiento, para que sean llenos de toda la plenitud de Dios. (\u202dEfesios\u202c \u202d3\u202c:\u202d14-19\u202c RVC)<\/p>\n","protected":false},"excerpt":{"rendered":"<p>Por eso yo me arrodillo delante del Padre de nuestro Se\u00f1or Jesucristo, de quien recibe su nombre toda familia en los cielos y en la tierra, para que por su Esp\u00edritu, y conforme a las riquezas de su gloria, los fortalezca interiormente con poder; para que por la fe Cristo habite en sus corazones, y &hellip; <a href=\"http:\/\/damas.laiglesiadelacomunidad.com\/?p=6251\" class=\"more-link\">Continue reading <span class=\"screen-reader-text\">Vers\u00edculos para Meditar<\/span> <span class=\"meta-nav\">&rarr;<\/span><\/a><\/p>\n","protected":false},"author":2,"featured_media":0,"comment_status":"open","ping_status":"open","sticky":false,"template":"","format":"chat","meta":{"footnotes":""},"categories":[5],"tags":[],"_links":{"self":[{"href":"http:\/\/damas.laiglesiadelacomunidad.com\/index.php?rest_route=\/wp\/v2\/posts\/6251"}],"collection":[{"href":"http:\/\/damas.laiglesiadelacomunidad.com\/index.php?rest_route=\/wp\/v2\/posts"}],"about":[{"href":"http:\/\/damas.laiglesiadelacomunidad.com\/index.php?rest_route=\/wp\/v2\/types\/post"}],"author":[{"embeddable":true,"href":"http:\/\/damas.laiglesiadelacomunidad.com\/index.php?rest_route=\/wp\/v2\/users\/2"}],"replies":[{"embeddable":true,"href":"http:\/\/damas.laiglesiadelacomunidad.com\/index.php?rest_route=%2Fwp%2Fv2%2Fcomments&post=6251"}],"version-history":[{"count":1,"href":"http:\/\/damas.laiglesiadelacomunidad.com\/index.php?rest_route=\/wp\/v2\/posts\/6251\/revisions"}],"predecessor-version":[{"id":6252,"href":"http:\/\/damas.laiglesiadelacomunidad.com\/index.php?rest_route=\/wp\/v2\/posts\/6251\/revisions\/6252"}],"wp:attachment":[{"href":"http:\/\/damas.laiglesiadelacomunidad.com\/index.php?rest_route=%2Fwp%2Fv2%2Fmedia&parent=6251"}],"wp:term":[{"taxonomy":"category","embeddable":true,"href":"http:\/\/damas.laiglesiadelacomunidad.com\/index.php?rest_route=%2Fwp%2Fv2%2Fcategories&post=6251"},{"taxonomy":"post_tag","embeddable":true,"href":"http:\/\/damas.laiglesiadelacomunidad.com\/index.php?rest_route=%2Fwp%2Fv2%2Ftags&post=6251"}],"curies":[{"name":"wp","href":"https:\/\/api.w.org\/{rel}","templated":true}]}}