{"id":6244,"date":"2015-01-24T07:45:01","date_gmt":"2015-01-24T13:45:01","guid":{"rendered":"http:\/\/damas.laiglesiadelacomunidad.com\/?p=6244"},"modified":"2015-01-23T21:45:19","modified_gmt":"2015-01-24T03:45:19","slug":"versiculos-para-meditar-91","status":"publish","type":"post","link":"http:\/\/damas.laiglesiadelacomunidad.com\/?p=6244","title":{"rendered":"Vers\u00edculos para Meditar"},"content":{"rendered":"<p>Jes\u00fas les dijo: \u00abTengan fe en Dios. Porque de cierto les digo que cualquiera que diga a este monte: \u201c\u00a1Qu\u00edtate de ah\u00ed y \u00e9chate en el mar!\u201d, su orden se cumplir\u00e1, siempre y cuando no dude en su coraz\u00f3n, sino que crea que se cumplir\u00e1. Por tanto, les digo: Todo lo que pidan en oraci\u00f3n, crean que lo recibir\u00e1n, y se les conceder\u00e1. Y cuando oren, si tienen algo contra alguien, perd\u00f3nenlo, para que tambi\u00e9n su Padre que est\u00e1 en los cielos les perdone a ustedes sus ofensas. Porque si ustedes no perdonan, tampoco su Padre que est\u00e1 en los cielos les perdonar\u00e1 a ustedes sus ofensas.\u00bb (\u202dSan Marcos\u202c \u202d11\u202c:\u202d22-26\u202c RVC)<\/p>\n","protected":false},"excerpt":{"rendered":"<p>Jes\u00fas les dijo: \u00abTengan fe en Dios. Porque de cierto les digo que cualquiera que diga a este monte: \u201c\u00a1Qu\u00edtate de ah\u00ed y \u00e9chate en el mar!\u201d, su orden se cumplir\u00e1, siempre y cuando no dude en su coraz\u00f3n, sino que crea que se cumplir\u00e1. Por tanto, les digo: Todo lo que pidan en oraci\u00f3n, &hellip; <a href=\"http:\/\/damas.laiglesiadelacomunidad.com\/?p=6244\" class=\"more-link\">Continue reading <span class=\"screen-reader-text\">Vers\u00edculos para Meditar<\/span> <span class=\"meta-nav\">&rarr;<\/span><\/a><\/p>\n","protected":false},"author":2,"featured_media":0,"comment_status":"open","ping_status":"open","sticky":false,"template":"","format":"chat","meta":{"footnotes":""},"categories":[5],"tags":[],"_links":{"self":[{"href":"http:\/\/damas.laiglesiadelacomunidad.com\/index.php?rest_route=\/wp\/v2\/posts\/6244"}],"collection":[{"href":"http:\/\/damas.laiglesiadelacomunidad.com\/index.php?rest_route=\/wp\/v2\/posts"}],"about":[{"href":"http:\/\/damas.laiglesiadelacomunidad.com\/index.php?rest_route=\/wp\/v2\/types\/post"}],"author":[{"embeddable":true,"href":"http:\/\/damas.laiglesiadelacomunidad.com\/index.php?rest_route=\/wp\/v2\/users\/2"}],"replies":[{"embeddable":true,"href":"http:\/\/damas.laiglesiadelacomunidad.com\/index.php?rest_route=%2Fwp%2Fv2%2Fcomments&post=6244"}],"version-history":[{"count":1,"href":"http:\/\/damas.laiglesiadelacomunidad.com\/index.php?rest_route=\/wp\/v2\/posts\/6244\/revisions"}],"predecessor-version":[{"id":6245,"href":"http:\/\/damas.laiglesiadelacomunidad.com\/index.php?rest_route=\/wp\/v2\/posts\/6244\/revisions\/6245"}],"wp:attachment":[{"href":"http:\/\/damas.laiglesiadelacomunidad.com\/index.php?rest_route=%2Fwp%2Fv2%2Fmedia&parent=6244"}],"wp:term":[{"taxonomy":"category","embeddable":true,"href":"http:\/\/damas.laiglesiadelacomunidad.com\/index.php?rest_route=%2Fwp%2Fv2%2Fcategories&post=6244"},{"taxonomy":"post_tag","embeddable":true,"href":"http:\/\/damas.laiglesiadelacomunidad.com\/index.php?rest_route=%2Fwp%2Fv2%2Ftags&post=6244"}],"curies":[{"name":"wp","href":"https:\/\/api.w.org\/{rel}","templated":true}]}}