{"id":6233,"date":"2015-01-23T06:40:28","date_gmt":"2015-01-23T12:40:28","guid":{"rendered":"http:\/\/damas.laiglesiadelacomunidad.com\/?p=6233"},"modified":"2015-01-22T21:38:48","modified_gmt":"2015-01-23T03:38:48","slug":"versiculos-para-meditar-90","status":"publish","type":"post","link":"http:\/\/damas.laiglesiadelacomunidad.com\/?p=6233","title":{"rendered":"Vers\u00edculos para Meditar"},"content":{"rendered":"<p>Entonces dir\u00e1 tambi\u00e9n a los de la izquierda: \u201c\u00a1Ap\u00e1rtense de m\u00ed, malditos! \u00a1Vayan al fuego eterno, preparado para el diablo y sus \u00e1ngeles! Porque tuve hambre, y no me dieron de comer; tuve sed, y no me dieron de beber; fui forastero, y no me recibieron; estuve desnudo, y no me cubrieron; estuve enfermo, y en la c\u00e1rcel, y no me visitaron.\u201d Ellos, a su vez, le preguntar\u00e1n: \u201cSe\u00f1or, \u00bfcu\u00e1ndo te vimos con hambre, o con sed, o forastero, desnudo, enfermo, o en la c\u00e1rcel, y no te servimos?\u201d Y \u00e9l les responder\u00e1: \u201cDe cierto les digo que todo lo que no hicieron por uno de estos m\u00e1s peque\u00f1os, tampoco por m\u00ed lo hicieron.\u201d Entonces \u00e9stos ir\u00e1n al castigo eterno, y los justos ir\u00e1n a la vida eterna.\u00bb (\u202dSan Mateo\u202c \u202d25\u202c:\u202d41-46\u202c RVC)<\/p>\n","protected":false},"excerpt":{"rendered":"<p>Entonces dir\u00e1 tambi\u00e9n a los de la izquierda: \u201c\u00a1Ap\u00e1rtense de m\u00ed, malditos! \u00a1Vayan al fuego eterno, preparado para el diablo y sus \u00e1ngeles! Porque tuve hambre, y no me dieron de comer; tuve sed, y no me dieron de beber; fui forastero, y no me recibieron; estuve desnudo, y no me cubrieron; estuve enfermo, y &hellip; <a href=\"http:\/\/damas.laiglesiadelacomunidad.com\/?p=6233\" class=\"more-link\">Continue reading <span class=\"screen-reader-text\">Vers\u00edculos para Meditar<\/span> <span class=\"meta-nav\">&rarr;<\/span><\/a><\/p>\n","protected":false},"author":2,"featured_media":0,"comment_status":"open","ping_status":"open","sticky":false,"template":"","format":"chat","meta":{"footnotes":""},"categories":[5],"tags":[],"_links":{"self":[{"href":"http:\/\/damas.laiglesiadelacomunidad.com\/index.php?rest_route=\/wp\/v2\/posts\/6233"}],"collection":[{"href":"http:\/\/damas.laiglesiadelacomunidad.com\/index.php?rest_route=\/wp\/v2\/posts"}],"about":[{"href":"http:\/\/damas.laiglesiadelacomunidad.com\/index.php?rest_route=\/wp\/v2\/types\/post"}],"author":[{"embeddable":true,"href":"http:\/\/damas.laiglesiadelacomunidad.com\/index.php?rest_route=\/wp\/v2\/users\/2"}],"replies":[{"embeddable":true,"href":"http:\/\/damas.laiglesiadelacomunidad.com\/index.php?rest_route=%2Fwp%2Fv2%2Fcomments&post=6233"}],"version-history":[{"count":1,"href":"http:\/\/damas.laiglesiadelacomunidad.com\/index.php?rest_route=\/wp\/v2\/posts\/6233\/revisions"}],"predecessor-version":[{"id":6234,"href":"http:\/\/damas.laiglesiadelacomunidad.com\/index.php?rest_route=\/wp\/v2\/posts\/6233\/revisions\/6234"}],"wp:attachment":[{"href":"http:\/\/damas.laiglesiadelacomunidad.com\/index.php?rest_route=%2Fwp%2Fv2%2Fmedia&parent=6233"}],"wp:term":[{"taxonomy":"category","embeddable":true,"href":"http:\/\/damas.laiglesiadelacomunidad.com\/index.php?rest_route=%2Fwp%2Fv2%2Fcategories&post=6233"},{"taxonomy":"post_tag","embeddable":true,"href":"http:\/\/damas.laiglesiadelacomunidad.com\/index.php?rest_route=%2Fwp%2Fv2%2Ftags&post=6233"}],"curies":[{"name":"wp","href":"https:\/\/api.w.org\/{rel}","templated":true}]}}