{"id":6224,"date":"2015-01-22T07:05:54","date_gmt":"2015-01-22T13:05:54","guid":{"rendered":"http:\/\/damas.laiglesiadelacomunidad.com\/?p=6224"},"modified":"2015-01-21T22:07:14","modified_gmt":"2015-01-22T04:07:14","slug":"versiculos-para-meditar-89","status":"publish","type":"post","link":"http:\/\/damas.laiglesiadelacomunidad.com\/?p=6224","title":{"rendered":"Vers\u00edculos para Meditar"},"content":{"rendered":"<p>No tengan nada que ver con las obras infructuosas de las tinieblas; al contrario, den\u00fancienlas. \u00a1Hasta verg\u00fcenza da hablar de lo que ellos hacen en secreto! Pero cuando todas las cosas son expuestas a la luz, quedan de manifiesto; porque la luz lo manifiesta todo. Por eso dice: \u00abDespi\u00e9rtate, t\u00fa que duermes. Lev\u00e1ntate de entre los muertos, y te alumbrar\u00e1 Cristo.\u00bb Por tanto, \u00a1cuidado con su manera de vivir! No vivan ya como necios, sino como sabios. (\u202dEfesios\u202c \u202d5\u202c:\u202d11-15\u202c RVC)<\/p>\n","protected":false},"excerpt":{"rendered":"<p>No tengan nada que ver con las obras infructuosas de las tinieblas; al contrario, den\u00fancienlas. \u00a1Hasta verg\u00fcenza da hablar de lo que ellos hacen en secreto! Pero cuando todas las cosas son expuestas a la luz, quedan de manifiesto; porque la luz lo manifiesta todo. Por eso dice: \u00abDespi\u00e9rtate, t\u00fa que duermes. Lev\u00e1ntate de entre &hellip; <a href=\"http:\/\/damas.laiglesiadelacomunidad.com\/?p=6224\" class=\"more-link\">Continue reading <span class=\"screen-reader-text\">Vers\u00edculos para Meditar<\/span> <span class=\"meta-nav\">&rarr;<\/span><\/a><\/p>\n","protected":false},"author":2,"featured_media":0,"comment_status":"open","ping_status":"open","sticky":false,"template":"","format":"chat","meta":{"footnotes":""},"categories":[5],"tags":[],"_links":{"self":[{"href":"http:\/\/damas.laiglesiadelacomunidad.com\/index.php?rest_route=\/wp\/v2\/posts\/6224"}],"collection":[{"href":"http:\/\/damas.laiglesiadelacomunidad.com\/index.php?rest_route=\/wp\/v2\/posts"}],"about":[{"href":"http:\/\/damas.laiglesiadelacomunidad.com\/index.php?rest_route=\/wp\/v2\/types\/post"}],"author":[{"embeddable":true,"href":"http:\/\/damas.laiglesiadelacomunidad.com\/index.php?rest_route=\/wp\/v2\/users\/2"}],"replies":[{"embeddable":true,"href":"http:\/\/damas.laiglesiadelacomunidad.com\/index.php?rest_route=%2Fwp%2Fv2%2Fcomments&post=6224"}],"version-history":[{"count":1,"href":"http:\/\/damas.laiglesiadelacomunidad.com\/index.php?rest_route=\/wp\/v2\/posts\/6224\/revisions"}],"predecessor-version":[{"id":6225,"href":"http:\/\/damas.laiglesiadelacomunidad.com\/index.php?rest_route=\/wp\/v2\/posts\/6224\/revisions\/6225"}],"wp:attachment":[{"href":"http:\/\/damas.laiglesiadelacomunidad.com\/index.php?rest_route=%2Fwp%2Fv2%2Fmedia&parent=6224"}],"wp:term":[{"taxonomy":"category","embeddable":true,"href":"http:\/\/damas.laiglesiadelacomunidad.com\/index.php?rest_route=%2Fwp%2Fv2%2Fcategories&post=6224"},{"taxonomy":"post_tag","embeddable":true,"href":"http:\/\/damas.laiglesiadelacomunidad.com\/index.php?rest_route=%2Fwp%2Fv2%2Ftags&post=6224"}],"curies":[{"name":"wp","href":"https:\/\/api.w.org\/{rel}","templated":true}]}}