{"id":6214,"date":"2015-01-21T22:01:27","date_gmt":"2015-01-22T04:01:27","guid":{"rendered":"http:\/\/damas.laiglesiadelacomunidad.com\/?p=6214"},"modified":"2015-01-21T22:02:48","modified_gmt":"2015-01-22T04:02:48","slug":"estudio-21-de-febrero-2015","status":"publish","type":"post","link":"http:\/\/damas.laiglesiadelacomunidad.com\/?p=6214","title":{"rendered":"Estudio 21 de Febrero 2015"},"content":{"rendered":"<p>Gracias Se\u00f1or por la noche que nos diste, gracias por el deseo que has puesto en nuestro coraz\u00f3n de venir cada mi\u00e9rcoles a participar de \u00e9ste estudio, gracias por abrir nuestros ojos y nuestra mente al pecado.<\/p>\n<p>Hoy estudiamos el tema del domingo<strong> &#8220;La historia lo explica todo&#8221;\u00a0<\/strong>vimos lo importante que es conocer la historia en la Biblia porque de esa manera podemos explicar a otros porque es importante tomar la decisi\u00f3n de seguir a Jes\u00fas, estudiamos como en la <strong>Creaci\u00f3n<\/strong> Dios hizo todo perfecto y bueno y en gran armon\u00eda, bello. Despu\u00e9s de ello entr\u00f3 la<strong>\u00a0Reveld\u00eda<\/strong>, S\u00e1tanas tento a la mujer y le enga\u00f1o por decirle que al comer la fruta del \u00e1rbol prohibido iba a ser como Dios, conociendo el bien y el mal y eso fue lo \u00fanico que Ad\u00e1n y Eva consiguieron, porque los de los dem\u00e1s atributos de Dios no les fue dado nada \ud83d\ude41 .<\/p>\n<p>Vimos como por un hombre entr\u00f3 el pecado y por un hombre entr\u00f3 la<strong> Reconciliaci\u00f3n\u00a0<\/strong>Jes\u00fas siendo perfecto y sin pecado muri\u00f3 por nosotros en la cruz y nos reconcili\u00f3 con el Padre, y a traves de tomar nuestra decisi\u00f3n de arrepentirnos y bautizarnos y mantenernos firmes hasta el fin podemos disfrutar de la <strong>Restauraci\u00f3n<\/strong>, donde todo es hecho nuevo y donde estaremos alabando, adorando y disfrutando de la presencia del Se\u00f1or para siempre \ud83d\ude42 . Que lindo ser\u00e1 ese d\u00eda.<\/p>\n<p><strong><sup class=\"versenum\">\u00a0<\/sup>Y vio Dios todo lo que hab\u00eda hecho, y todo ello era bueno en gran manera. Cay\u00f3 la tarde, y lleg\u00f3 la ma\u00f1ana. \u00c9se fue el d\u00eda sexto.<\/strong> G\u00e9nesis 1:31<\/p>\n<p><strong><span id=\"es-RVC-60\" class=\"text Gen-3-4\">Entonces la serpiente le dijo a la mujer:\u00a0<\/span><\/strong><strong><span class=\"text Gen-3-4\">\u00abNo morir\u00e1n.<\/span> <span id=\"es-RVC-61\" class=\"text Gen-3-5\">Dios bien sabe que el d\u00eda que ustedes coman de \u00e9l, se les abrir\u00e1n los ojos, y ser\u00e1n como Dios, conocedores del bien y del mal.\u00bb\u00a0<\/span><span id=\"es-RVC-62\" class=\"text Gen-3-6\">La mujer vio que el \u00e1rbol era bueno para comer, apetecible a los ojos, y codiciable para alcanzar la sabidur\u00eda. Tom\u00f3 entonces uno de sus frutos, y lo comi\u00f3; y le dio a su marido, que estaba con ella, y \u00e9l tambi\u00e9n comi\u00f3.<\/span> <\/strong><span id=\"es-RVC-63\" class=\"text Gen-3-7\"><strong>En ese instante se les abrieron los ojos a los dos, y se dieron cuenta de que estaban desnudos; entonces tejieron hojas de higuera y se cubrieron con ellas.<\/strong> G\u00e9nesis 3:4-7<\/span><\/p>\n<p><strong><span id=\"es-RVC-28064\" class=\"text Rom-5-15\">Pero el pecado de Ad\u00e1n no puede compararse con el don de Dios. Pues si por el pecado de un solo hombre muchos murieron, la gracia y el don que Dios nos dio por medio de un solo hombre, Jesucristo, abundaron para el bien de muchos.<\/span> <span id=\"es-RVC-28065\" class=\"text Rom-5-16\">El don de Dios no puede compararse con el pecado de Ad\u00e1n, porque por un solo pecado vino la condenaci\u00f3n, pero el don de Dios vino por muchas transgresiones para justificaci\u00f3n.<\/span> <\/strong><span id=\"es-RVC-28066\" class=\"text Rom-5-17\"><strong>Pues si por la transgresi\u00f3n de uno solo rein\u00f3 la muerte, mucho m\u00e1s reinar\u00e1n en vida los que reciben la abundancia de la gracia y del don de la justicia mediante un solo hombre, Jesucristo.<\/strong> Romanos 15:15-17<\/span><\/p>\n<p class=\"chapter-2\"><span class=\"text Rev-21-1\"><strong>Vi entonces un cielo nuevo y una tierra nueva, porque el primer cielo y la primera tierra hab\u00edan dejado de existir, y el mar tampoco exist\u00eda ya.<\/strong><\/span><strong> <span id=\"es-RVC-31058\" class=\"text Rev-21-2\">Vi tambi\u00e9n que la ciudad santa, la nueva Jerusal\u00e9n, descend\u00eda del cielo, de Dios,ataviada como una novia que se adorna para su esposo.<\/span> <span id=\"es-RVC-31059\" class=\"text Rev-21-3\">Entonces o\u00ed que desde el trono sal\u00eda una potente voz, la cual dec\u00eda:<span style=\"color: #ff0000;\"> \u00abAqu\u00ed est\u00e1 el tabern\u00e1culo de Dios con los hombres. \u00c9l vivir\u00e1 con ellos, y ellos ser\u00e1n su pueblo, y Dios mismo estar\u00e1 con ellos y ser\u00e1 su Dios.<\/span><\/span><span id=\"es-RVC-31060\" class=\"text Rev-21-4\" style=\"color: #ff0000;\"> Dios enjugar\u00e1 las l\u00e1grimas de los ojos de ellos, y ya no habr\u00e1 muerte, ni m\u00e1s llanto, ni lamento ni dolor; porque las primeras cosas habr\u00e1n dejado de existir.<\/span><\/strong><\/p>\n<p><strong><span id=\"es-RVC-31061\" class=\"text Rev-21-5\">El que estaba sentado en el trono dijo:<span style=\"color: #ff0000;\"> \u00abMira, yo hago nuevas todas las cosas.\u00bb Y me dijo: \u00abEscribe, porque estas palabras son fieles y verdaderas.\u00bb<\/span><\/span><span id=\"es-RVC-31062\" class=\"text Rev-21-6\"><sup class=\"versenum\">\u00a0<\/sup>Tambi\u00e9n me dijo:<span style=\"color: #ff0000;\"> \u00abYa est\u00e1 hecho. Yo soy el Alfa y la Omega, el principio y el fin. Al que tenga sed, yo le dar\u00e9 a beber gratuitamente de la fuente del agua de la vida.<\/span><\/span><span id=\"es-RVC-31063\" class=\"text Rev-21-7\" style=\"color: #ff0000;\"> El que salga vencedor heredar\u00e1 todas las cosas, y yo ser\u00e9 su Dios y \u00e9l ser\u00e1 mi hijo. <\/span><\/strong><span id=\"es-RVC-31064\" class=\"text Rev-21-8\"><span style=\"color: #ff0000;\"><strong>Pero los cobardes, los incr\u00e9dulos, los abominables, los homicidas, los que incurren en inmoralidad sexual, los hechiceros, los id\u00f3latras y todos los mentirosos tendr\u00e1n su parte en el lago que arde con fuego y azufre, que es la muerte segunda.<\/strong> <\/span>Apocalipsis 21:1-8<\/span><\/p>\n<p>Se\u00f1or te damos gracias por permitirnos ser parte de TU restauraci\u00f3n, te pedimos Se\u00f1or que ni un alma de las que esta leyendo \u00e9sta oraci\u00f3n se pierda. Te pedimos por Mary, Raulito, Fabricio, Cristian, Sof\u00eda, do\u00f1a Beatriz, Elvia y Angelica que tu los sanes y los salves, tambi\u00e9n te pedimos por el primo de Tyler que tu le sigas dando fortaleza en estos momentos de tanto dolor f\u00edsico como espiritual, que tu envies personas a predicarle el evangelio y que lo salves si esa es tu voluntad, te lo pedimos en nombre de nuestro Se\u00f1or Jesucristo, Am\u00e9n.<\/p>\n<p>Que Dios nos continue bendiciendo, que tengan un lindo fin de semana, Love U.<\/p>\n<p>Jackie C.<\/p>\n<p><a href=\"http:\/\/damas.laiglesiadelacomunidad.com\/?attachment_id=6215\" rel=\"attachment wp-att-6215\"><img loading=\"lazy\" decoding=\"async\" class=\"alignnone size-full wp-image-6215\" src=\"http:\/\/damas.laiglesiadelacomunidad.com\/wp-content\/uploads\/2015\/01\/Bautizate-1024x768.jpg\" alt=\"Bautizate 1024x768\" width=\"1024\" height=\"786\" srcset=\"http:\/\/damas.laiglesiadelacomunidad.com\/wp-content\/uploads\/2015\/01\/Bautizate-1024x768.jpg 1024w, http:\/\/damas.laiglesiadelacomunidad.com\/wp-content\/uploads\/2015\/01\/Bautizate-1024x768-300x230.jpg 300w\" sizes=\"(max-width: 1024px) 100vw, 1024px\" \/><\/a> <a href=\"http:\/\/damas.laiglesiadelacomunidad.com\/?attachment_id=6217\" rel=\"attachment wp-att-6217\"><img loading=\"lazy\" decoding=\"async\" class=\"alignnone size-full wp-image-6217\" src=\"http:\/\/damas.laiglesiadelacomunidad.com\/wp-content\/uploads\/2015\/01\/Slogan-3-Proyector-Size.jpg\" alt=\"Slogan 3 Proyector Size\" width=\"720\" height=\"480\" srcset=\"http:\/\/damas.laiglesiadelacomunidad.com\/wp-content\/uploads\/2015\/01\/Slogan-3-Proyector-Size.jpg 720w, http:\/\/damas.laiglesiadelacomunidad.com\/wp-content\/uploads\/2015\/01\/Slogan-3-Proyector-Size-300x200.jpg 300w\" sizes=\"(max-width: 720px) 100vw, 720px\" \/><\/a><\/p>\n","protected":false},"excerpt":{"rendered":"<p>Gracias Se\u00f1or por la noche que nos diste, gracias por el deseo que has puesto en nuestro coraz\u00f3n de venir cada mi\u00e9rcoles a participar de \u00e9ste estudio, gracias por abrir nuestros ojos y nuestra mente al pecado. Hoy estudiamos el tema del domingo &#8220;La historia lo explica todo&#8221;\u00a0vimos lo importante que es conocer la historia &hellip; <a href=\"http:\/\/damas.laiglesiadelacomunidad.com\/?p=6214\" class=\"more-link\">Continue reading <span class=\"screen-reader-text\">Estudio 21 de Febrero 2015<\/span> <span class=\"meta-nav\">&rarr;<\/span><\/a><\/p>\n","protected":false},"author":2,"featured_media":0,"comment_status":"open","ping_status":"open","sticky":false,"template":"","format":"standard","meta":{"footnotes":""},"categories":[6],"tags":[],"_links":{"self":[{"href":"http:\/\/damas.laiglesiadelacomunidad.com\/index.php?rest_route=\/wp\/v2\/posts\/6214"}],"collection":[{"href":"http:\/\/damas.laiglesiadelacomunidad.com\/index.php?rest_route=\/wp\/v2\/posts"}],"about":[{"href":"http:\/\/damas.laiglesiadelacomunidad.com\/index.php?rest_route=\/wp\/v2\/types\/post"}],"author":[{"embeddable":true,"href":"http:\/\/damas.laiglesiadelacomunidad.com\/index.php?rest_route=\/wp\/v2\/users\/2"}],"replies":[{"embeddable":true,"href":"http:\/\/damas.laiglesiadelacomunidad.com\/index.php?rest_route=%2Fwp%2Fv2%2Fcomments&post=6214"}],"version-history":[{"count":3,"href":"http:\/\/damas.laiglesiadelacomunidad.com\/index.php?rest_route=\/wp\/v2\/posts\/6214\/revisions"}],"predecessor-version":[{"id":6220,"href":"http:\/\/damas.laiglesiadelacomunidad.com\/index.php?rest_route=\/wp\/v2\/posts\/6214\/revisions\/6220"}],"wp:attachment":[{"href":"http:\/\/damas.laiglesiadelacomunidad.com\/index.php?rest_route=%2Fwp%2Fv2%2Fmedia&parent=6214"}],"wp:term":[{"taxonomy":"category","embeddable":true,"href":"http:\/\/damas.laiglesiadelacomunidad.com\/index.php?rest_route=%2Fwp%2Fv2%2Fcategories&post=6214"},{"taxonomy":"post_tag","embeddable":true,"href":"http:\/\/damas.laiglesiadelacomunidad.com\/index.php?rest_route=%2Fwp%2Fv2%2Ftags&post=6214"}],"curies":[{"name":"wp","href":"https:\/\/api.w.org\/{rel}","templated":true}]}}