{"id":6197,"date":"2015-01-19T10:30:19","date_gmt":"2015-01-19T16:30:19","guid":{"rendered":"http:\/\/damas.laiglesiadelacomunidad.com\/?p=6197"},"modified":"2015-01-19T10:30:19","modified_gmt":"2015-01-19T16:30:19","slug":"el-espiritu-santo","status":"publish","type":"post","link":"http:\/\/damas.laiglesiadelacomunidad.com\/?p=6197","title":{"rendered":"El Esp\u00edritu Santo"},"content":{"rendered":"<p>JHN 14:16-18 NVI<br \/>\nY yo le pedir\u00e9 al Padre, y \u00e9l les dar\u00e1 otro Consolador para que los acompa\u00f1e siempre: el Esp\u00edritu de verdad, a quien el mundo no puede aceptar porque no lo ve ni lo conoce. Pero ustedes s\u00ed lo conocen, porque vive con ustedes y estar\u00e1 en ustedes. No los voy a dejar hu\u00e9rfanos; volver\u00e9 a ustedes.<\/p>\n","protected":false},"excerpt":{"rendered":"<p>JHN 14:16-18 NVI Y yo le pedir\u00e9 al Padre, y \u00e9l les dar\u00e1 otro Consolador para que los acompa\u00f1e siempre: el Esp\u00edritu de verdad, a quien el mundo no puede aceptar porque no lo ve ni lo conoce. Pero ustedes s\u00ed lo conocen, porque vive con ustedes y estar\u00e1 en ustedes. No los voy a &hellip; <a href=\"http:\/\/damas.laiglesiadelacomunidad.com\/?p=6197\" class=\"more-link\">Continue reading <span class=\"screen-reader-text\">El Esp\u00edritu Santo<\/span> <span class=\"meta-nav\">&rarr;<\/span><\/a><\/p>\n","protected":false},"author":3,"featured_media":0,"comment_status":"open","ping_status":"open","sticky":false,"template":"","format":"standard","meta":{"footnotes":""},"categories":[1],"tags":[],"_links":{"self":[{"href":"http:\/\/damas.laiglesiadelacomunidad.com\/index.php?rest_route=\/wp\/v2\/posts\/6197"}],"collection":[{"href":"http:\/\/damas.laiglesiadelacomunidad.com\/index.php?rest_route=\/wp\/v2\/posts"}],"about":[{"href":"http:\/\/damas.laiglesiadelacomunidad.com\/index.php?rest_route=\/wp\/v2\/types\/post"}],"author":[{"embeddable":true,"href":"http:\/\/damas.laiglesiadelacomunidad.com\/index.php?rest_route=\/wp\/v2\/users\/3"}],"replies":[{"embeddable":true,"href":"http:\/\/damas.laiglesiadelacomunidad.com\/index.php?rest_route=%2Fwp%2Fv2%2Fcomments&post=6197"}],"version-history":[{"count":1,"href":"http:\/\/damas.laiglesiadelacomunidad.com\/index.php?rest_route=\/wp\/v2\/posts\/6197\/revisions"}],"predecessor-version":[{"id":6198,"href":"http:\/\/damas.laiglesiadelacomunidad.com\/index.php?rest_route=\/wp\/v2\/posts\/6197\/revisions\/6198"}],"wp:attachment":[{"href":"http:\/\/damas.laiglesiadelacomunidad.com\/index.php?rest_route=%2Fwp%2Fv2%2Fmedia&parent=6197"}],"wp:term":[{"taxonomy":"category","embeddable":true,"href":"http:\/\/damas.laiglesiadelacomunidad.com\/index.php?rest_route=%2Fwp%2Fv2%2Fcategories&post=6197"},{"taxonomy":"post_tag","embeddable":true,"href":"http:\/\/damas.laiglesiadelacomunidad.com\/index.php?rest_route=%2Fwp%2Fv2%2Ftags&post=6197"}],"curies":[{"name":"wp","href":"https:\/\/api.w.org\/{rel}","templated":true}]}}