{"id":6193,"date":"2015-01-19T07:18:34","date_gmt":"2015-01-19T13:18:34","guid":{"rendered":"http:\/\/damas.laiglesiadelacomunidad.com\/?p=6193"},"modified":"2015-01-21T22:13:46","modified_gmt":"2015-01-22T04:13:46","slug":"versiculos-par-meditar","status":"publish","type":"post","link":"http:\/\/damas.laiglesiadelacomunidad.com\/?p=6193","title":{"rendered":"Vers\u00edculos par Meditar"},"content":{"rendered":"<div class=\"p\"><span class=\"verse v16 focused\" data-usfm=\"MAT.28.16\"><span class=\"content\">Pero los once disc\u00edpulos se fueron a Galilea,<\/span><span class=\"content\"> al monte que Jes\u00fas les hab\u00eda se\u00f1alado,\u00a0<\/span><\/span>y cuando lo vieron, lo adoraron. Pero algunos dudaban.<\/div>\n<div class=\"m\"><span class=\"verse v18 focused\" data-usfm=\"MAT.28.18\"><span class=\"content\">Jes\u00fas se acerc\u00f3 y les dijo: <span style=\"color: #ff0000;\">\u00abToda autoridad me ha sido dada en el cielo y en la tierra.\u00a0<\/span><\/span><\/span><span style=\"color: #ff0000;\"><span class=\"content\">Por tanto, vayan y hagan disc\u00edpulos en todas las naciones,<\/span><span class=\"content\"> y baut\u00edcenlos en el nombre del Padre, y del Hijo, y del Esp\u00edritu Santo.\u00a0<\/span>Ens\u00e9\u00f1enles a cumplir todas las cosas que les he mandado. Y yo estar\u00e9 con ustedes todos los d\u00edas, hasta el fin del mundo.\u00bb Am\u00e9n.<\/span> Mateo 28:16-20<\/div>\n","protected":false},"excerpt":{"rendered":"<p>Pero los once disc\u00edpulos se fueron a Galilea, al monte que Jes\u00fas les hab\u00eda se\u00f1alado,\u00a0y cuando lo vieron, lo adoraron. Pero algunos dudaban. Jes\u00fas se acerc\u00f3 y les dijo: \u00abToda autoridad me ha sido dada en el cielo y en la tierra.\u00a0Por tanto, vayan y hagan disc\u00edpulos en todas las naciones, y baut\u00edcenlos en el &hellip; <a href=\"http:\/\/damas.laiglesiadelacomunidad.com\/?p=6193\" class=\"more-link\">Continue reading <span class=\"screen-reader-text\">Vers\u00edculos par Meditar<\/span> <span class=\"meta-nav\">&rarr;<\/span><\/a><\/p>\n","protected":false},"author":2,"featured_media":0,"comment_status":"open","ping_status":"open","sticky":false,"template":"","format":"chat","meta":{"footnotes":""},"categories":[5],"tags":[],"_links":{"self":[{"href":"http:\/\/damas.laiglesiadelacomunidad.com\/index.php?rest_route=\/wp\/v2\/posts\/6193"}],"collection":[{"href":"http:\/\/damas.laiglesiadelacomunidad.com\/index.php?rest_route=\/wp\/v2\/posts"}],"about":[{"href":"http:\/\/damas.laiglesiadelacomunidad.com\/index.php?rest_route=\/wp\/v2\/types\/post"}],"author":[{"embeddable":true,"href":"http:\/\/damas.laiglesiadelacomunidad.com\/index.php?rest_route=\/wp\/v2\/users\/2"}],"replies":[{"embeddable":true,"href":"http:\/\/damas.laiglesiadelacomunidad.com\/index.php?rest_route=%2Fwp%2Fv2%2Fcomments&post=6193"}],"version-history":[{"count":1,"href":"http:\/\/damas.laiglesiadelacomunidad.com\/index.php?rest_route=\/wp\/v2\/posts\/6193\/revisions"}],"predecessor-version":[{"id":6194,"href":"http:\/\/damas.laiglesiadelacomunidad.com\/index.php?rest_route=\/wp\/v2\/posts\/6193\/revisions\/6194"}],"wp:attachment":[{"href":"http:\/\/damas.laiglesiadelacomunidad.com\/index.php?rest_route=%2Fwp%2Fv2%2Fmedia&parent=6193"}],"wp:term":[{"taxonomy":"category","embeddable":true,"href":"http:\/\/damas.laiglesiadelacomunidad.com\/index.php?rest_route=%2Fwp%2Fv2%2Fcategories&post=6193"},{"taxonomy":"post_tag","embeddable":true,"href":"http:\/\/damas.laiglesiadelacomunidad.com\/index.php?rest_route=%2Fwp%2Fv2%2Ftags&post=6193"}],"curies":[{"name":"wp","href":"https:\/\/api.w.org\/{rel}","templated":true}]}}