{"id":6173,"date":"2015-01-18T22:09:23","date_gmt":"2015-01-19T04:09:23","guid":{"rendered":"http:\/\/damas.laiglesiadelacomunidad.com\/?p=6173"},"modified":"2015-01-18T22:12:19","modified_gmt":"2015-01-19T04:12:19","slug":"reunion-18-de-enero-2015","status":"publish","type":"post","link":"http:\/\/damas.laiglesiadelacomunidad.com\/?p=6173","title":{"rendered":"Reuni\u00f3n 18 de Enero 2015"},"content":{"rendered":"<p>Gracias Se\u00f1or por tan linda noche, por haber traido a tanta gente a escuchar Tu mensaje, gracias por los ni\u00f1os que alegran el ambiente, gracias por todos los voluntarios, por los m\u00fasicos y las cantantes.<\/p>\n<p>Seguimos estudiando la vida de Cristo seg\u00fan el evangelio de Mateo, el tema de hoy fue: <strong>&#8220;La Historia Explica Todo&#8221;<\/strong>\u00a0y la idea grande de hoy fue <strong>&#8220;La Historia Explica el Evangelio&#8221;<\/strong> La vida de Jes\u00fas fue una vida que ha inspirado generaci\u00f3n tras generaci\u00f3n, y conocerle ha cambiado la vida de innumerable cantidad de personas, a traves de la historia en la Biblia y en nuestra propia historia podemos ver como Dios ha usado a Jes\u00fas para transformar todo.<\/p>\n<p>La historia de Dios y explicar su evangelio se puede sintetizar en 4 palabras,<strong> Creaci\u00f3n, Rebeld\u00eda, Reconciliaci\u00f3n y Restauraci\u00f3n.<\/strong>\u00a0En el pricipio Dios creo todo y todo era bueno, pero la rebeld\u00eda de un hombre destruy\u00f3 la perfecci\u00f3n de Dios y con ello entr\u00f3 la destrucci\u00f3n, la maldad, el dolor, la enfermedad, el pecado y nos separamos de Dios, buscamos solucionar todo \u00e9sto pero para nosotros es imposible, pero para poder estar en paz con Dios \u00c9l mismo envi\u00f3 a su hijo y al entregarnos a \u00c9l por aceptarlo, arrepentirnos y bautizarnos podemos unirnos de nuevo a Dios.<\/p>\n<p>como explic\u00f3 Felipe todo en la historia de Dios empez\u00f3 siendo perfecta para todos y la historia de Dios va a terminar siendo perfecta y bonita pero no para todos. \u00bfpor qu\u00e9? porque no todos aceptamos a Jes\u00fas, as\u00ed que para algunos los que hemos aceptado a Jes\u00fas \u00a0llegar\u00e1 la restauraci\u00f3n donde Dios hace todo nuevo, donde viviremos en una tierra nueva, donde no habr\u00e1 tristeza, ni llanto, ni dolor. Pero para los que no han aceptado a Jes\u00fas no van a ser restaurados si no toman esa gran decisi\u00f3n de seguirle y hacerle su Se\u00f1or y Salvador.<\/p>\n<p><strong><span class=\"text Matt-4-12\">Cuando Jes\u00fas oy\u00f3 que hab\u00edan metido a Juan en la c\u00e1rcel, se dirigi\u00f3 a Galilea.<span style=\"font-size: 12px; line-height: 0px;\">\u00a0<\/span><\/span><span id=\"es-DHH-22919\" class=\"text Matt-4-13\">Pero no se qued\u00f3 en Nazaret, sino que se fue a vivir a Cafarna\u00fam, a orillas del lago, en la regi\u00f3n de las tribus de Zabul\u00f3n y Neftal\u00ed.<\/span> <span id=\"es-DHH-22920\" class=\"text Matt-4-14\">Esto sucedi\u00f3 para que se cumpliera lo que hab\u00eda escrito el profeta Isa\u00edas:<\/span><\/strong><\/p>\n<div class=\"poetry\">\n<p class=\"line\"><strong><span id=\"es-DHH-22921\" class=\"text Matt-4-15\"><sup class=\"versenum\">\u00a0<\/sup>\u00abTierra de Zabul\u00f3n y de Neftal\u00ed,<\/span><\/strong><br \/>\n<strong><span class=\"text Matt-4-15\">al otro lado del Jord\u00e1n,<\/span><\/strong><br \/>\n<strong><span class=\"text Matt-4-15\">a la orilla del mar:<\/span><\/strong><br \/>\n<strong><span class=\"text Matt-4-15\">Galilea, donde viven los paganos.<\/span><\/strong><br \/>\n<strong><span id=\"es-DHH-22922\" class=\"text Matt-4-16\"><sup class=\"versenum\">\u00a0<\/sup>El pueblo que andaba en la oscuridad<\/span><\/strong><br \/>\n<strong><span class=\"text Matt-4-16\">vio una gran luz;<\/span><\/strong><br \/>\n<strong><span class=\"text Matt-4-16\">una luz ha brillado<\/span><\/strong><br \/>\n<span class=\"text Matt-4-16\"><strong>para los que viv\u00edan en sombras de muerte.\u00bb<\/strong> Mateo 4:12-16<\/span><\/p>\n<p class=\"line\"><strong><span id=\"es-RVC-28016\" class=\"text Rom-3-23\">por cuanto todos pecaron y est\u00e1n destituidos de la gloria de Dios;<\/span> <span id=\"es-RVC-28017\" class=\"text Rom-3-24\">pero son justificados gratuitamente por su gracia, mediante la redenci\u00f3n que provey\u00f3 Cristo Jes\u00fas,<\/span> <span id=\"es-RVC-28018\" class=\"text Rom-3-25\">a quien Dios puso como sacrificio de expiaci\u00f3n por medio de la fe en su sangre. Esto lo hizo Dios para manifestar su justicia, pues en su paciencia ha pasado por alto los pecados pasados,<\/span> <span id=\"es-RVC-28019\" class=\"text Rom-3-26\">para manifestar su justicia en este tiempo, a fin de que \u00e9l sea el justo y, al mismo tiempo, el que justifica al que tiene fe en Jes\u00fas.\u00a0<\/span><\/strong><span id=\"es-RVC-28019\" class=\"text Rom-3-26\">Romanos 3:23-26<\/span><\/p>\n<p class=\"line\"><strong><span class=\"text Rev-21-1\">Vi entonces un cielo nuevo y una tierra nueva, porque el primer cielo y la primera tierra hab\u00edan dejado de existir, y el mar tampoco exist\u00eda ya.<\/span> <span id=\"es-RVC-31058\" class=\"text Rev-21-2\">Vi tambi\u00e9n que la ciudad santa, la nueva Jerusal\u00e9n, descend\u00eda del cielo, de Dios,ataviada como una novia que se adorna para su esposo.<\/span> <span id=\"es-RVC-31059\" class=\"text Rev-21-3\">Entonces o\u00ed que desde el trono sal\u00eda una potente voz, la cual dec\u00eda: \u00abAqu\u00ed est\u00e1 el tabern\u00e1culo de Dios con los hombres. \u00c9l vivir\u00e1 con ellos, y ellos ser\u00e1n su pueblo, y Dios mismo estar\u00e1 con ellos y ser\u00e1 su Dios.<\/span> <\/strong><span id=\"es-RVC-31060\" class=\"text Rev-21-4\"><strong>Dios enjugar\u00e1 las l\u00e1grimas de los ojos de ellos, y ya no habr\u00e1 muerte, ni m\u00e1s llanto, ni lamento ni dolor; porque las primeras cosas habr\u00e1n dejado de existir.<\/strong> Apocalipsis 21: 1-4<\/span><\/p>\n<p class=\"line\">Se\u00f1or te pedimos que tu nos ayudes a terminar bien hasta el fin para que podamos disfrutar tu promesa de vida eterna junto a Ti, y para las que aun no hemos tomado la decisi\u00f3n de seguirte te pedimos que pongas ese deseo en nuestro coraz\u00f3n para dejar la rebeld\u00eda, reconciliarnos contigo y dsifrutar de una vida eterna a Tu lado, te lo pedimos en nombre del autor de la reconciliaci\u00f3n, Jesucristo nuestro Se\u00f1or, am\u00e9n.<\/p>\n<p class=\"line\">Por Favor sigan orando las unas por las otras, por Rachel, Angelica, Elvia, Raulito y Erik.<\/p>\n<p class=\"line\">Que pasen un linda semana \ud83d\ude42 Dios las bendiga;<\/p>\n<p class=\"line\">Jackie C.<\/p>\n<\/div>\n<p><a href=\"http:\/\/damas.laiglesiadelacomunidad.com\/wp-content\/uploads\/2015\/01\/IMG_3395.jpg\"><img decoding=\"async\" src=\"http:\/\/damas.laiglesiadelacomunidad.com\/wp-content\/uploads\/2015\/01\/IMG_3395.jpg\" alt=\"IMG_3395.JPG\" class=\"alignnone size-full\" \/><\/a><\/p>\n<p><a href=\"http:\/\/damas.laiglesiadelacomunidad.com\/wp-content\/uploads\/2015\/01\/IMG_3397.jpg\"><img decoding=\"async\" src=\"http:\/\/damas.laiglesiadelacomunidad.com\/wp-content\/uploads\/2015\/01\/IMG_3397.jpg\" alt=\"IMG_3397.JPG\" class=\"alignnone size-full\" \/><\/a><\/p>\n<p><a href=\"http:\/\/damas.laiglesiadelacomunidad.com\/wp-content\/uploads\/2015\/01\/IMG_3398.jpg\"><img decoding=\"async\" src=\"http:\/\/damas.laiglesiadelacomunidad.com\/wp-content\/uploads\/2015\/01\/IMG_3398.jpg\" alt=\"IMG_3398.JPG\" class=\"alignnone size-full\" \/><\/a><\/p>\n<p><a href=\"http:\/\/damas.laiglesiadelacomunidad.com\/wp-content\/uploads\/2015\/01\/IMG_3393.jpg\"><img decoding=\"async\" src=\"http:\/\/damas.laiglesiadelacomunidad.com\/wp-content\/uploads\/2015\/01\/IMG_3393.jpg\" alt=\"IMG_3393.JPG\" class=\"alignnone size-full\" \/><\/a><\/p>\n<p><a href=\"http:\/\/damas.laiglesiadelacomunidad.com\/wp-content\/uploads\/2015\/01\/IMG_3399.jpg\"><img decoding=\"async\" src=\"http:\/\/damas.laiglesiadelacomunidad.com\/wp-content\/uploads\/2015\/01\/IMG_3399.jpg\" alt=\"IMG_3399.JPG\" class=\"alignnone size-full\" \/><\/a><\/p>\n<p><a href=\"http:\/\/damas.laiglesiadelacomunidad.com\/wp-content\/uploads\/2015\/01\/IMG_3400.jpg\"><img decoding=\"async\" src=\"http:\/\/damas.laiglesiadelacomunidad.com\/wp-content\/uploads\/2015\/01\/IMG_3400.jpg\" alt=\"IMG_3400.JPG\" class=\"alignnone size-full\" \/><\/a><\/p>\n<p><a href=\"http:\/\/damas.laiglesiadelacomunidad.com\/wp-content\/uploads\/2015\/01\/IMG_3401.jpg\"><img decoding=\"async\" src=\"http:\/\/damas.laiglesiadelacomunidad.com\/wp-content\/uploads\/2015\/01\/IMG_3401.jpg\" alt=\"IMG_3401.JPG\" class=\"alignnone size-full\" \/><\/a><\/p>\n<p><a href=\"http:\/\/damas.laiglesiadelacomunidad.com\/wp-content\/uploads\/2015\/01\/IMG_3402.jpg\"><img decoding=\"async\" src=\"http:\/\/damas.laiglesiadelacomunidad.com\/wp-content\/uploads\/2015\/01\/IMG_3402.jpg\" alt=\"IMG_3402.JPG\" class=\"alignnone size-full\" \/><\/a><\/p>\n<p><a href=\"http:\/\/damas.laiglesiadelacomunidad.com\/wp-content\/uploads\/2015\/01\/IMG_3403.jpg\"><img decoding=\"async\" src=\"http:\/\/damas.laiglesiadelacomunidad.com\/wp-content\/uploads\/2015\/01\/IMG_3403.jpg\" alt=\"IMG_3403.JPG\" class=\"alignnone size-full\" \/><\/a><\/p>\n<p><a href=\"http:\/\/damas.laiglesiadelacomunidad.com\/wp-content\/uploads\/2015\/01\/IMG_3389.jpg\"><img decoding=\"async\" src=\"http:\/\/damas.laiglesiadelacomunidad.com\/wp-content\/uploads\/2015\/01\/IMG_3389.jpg\" alt=\"IMG_3389.JPG\" class=\"alignnone size-full\" \/><\/a><\/p>\n<p><a href=\"http:\/\/damas.laiglesiadelacomunidad.com\/wp-content\/uploads\/2015\/01\/IMG_3404.jpg\"><img decoding=\"async\" src=\"http:\/\/damas.laiglesiadelacomunidad.com\/wp-content\/uploads\/2015\/01\/IMG_3404.jpg\" alt=\"IMG_3404.JPG\" class=\"alignnone size-full\" \/><\/a><\/p>\n<p><a href=\"http:\/\/damas.laiglesiadelacomunidad.com\/wp-content\/uploads\/2015\/01\/IMG_3405.jpg\"><img decoding=\"async\" src=\"http:\/\/damas.laiglesiadelacomunidad.com\/wp-content\/uploads\/2015\/01\/IMG_3405.jpg\" alt=\"IMG_3405.JPG\" class=\"alignnone size-full\" \/><\/a><\/p>\n<p><a href=\"http:\/\/damas.laiglesiadelacomunidad.com\/wp-content\/uploads\/2015\/01\/IMG_3406.jpg\"><img decoding=\"async\" src=\"http:\/\/damas.laiglesiadelacomunidad.com\/wp-content\/uploads\/2015\/01\/IMG_3406.jpg\" alt=\"IMG_3406.JPG\" class=\"alignnone size-full\" \/><\/a><\/p>\n<p><a href=\"http:\/\/damas.laiglesiadelacomunidad.com\/wp-content\/uploads\/2015\/01\/IMG_3407.jpg\"><img decoding=\"async\" src=\"http:\/\/damas.laiglesiadelacomunidad.com\/wp-content\/uploads\/2015\/01\/IMG_3407.jpg\" alt=\"IMG_3407.JPG\" class=\"alignnone size-full\" \/><\/a><\/p>\n","protected":false},"excerpt":{"rendered":"<p>Gracias Se\u00f1or por tan linda noche, por haber traido a tanta gente a escuchar Tu mensaje, gracias por los ni\u00f1os que alegran el ambiente, gracias por todos los voluntarios, por los m\u00fasicos y las cantantes. Seguimos estudiando la vida de Cristo seg\u00fan el evangelio de Mateo, el tema de hoy fue: &#8220;La Historia Explica Todo&#8221;\u00a0y &hellip; <a href=\"http:\/\/damas.laiglesiadelacomunidad.com\/?p=6173\" class=\"more-link\">Continue reading <span class=\"screen-reader-text\">Reuni\u00f3n 18 de Enero 2015<\/span> <span class=\"meta-nav\">&rarr;<\/span><\/a><\/p>\n","protected":false},"author":2,"featured_media":0,"comment_status":"open","ping_status":"open","sticky":false,"template":"","format":"gallery","meta":{"footnotes":""},"categories":[7],"tags":[],"_links":{"self":[{"href":"http:\/\/damas.laiglesiadelacomunidad.com\/index.php?rest_route=\/wp\/v2\/posts\/6173"}],"collection":[{"href":"http:\/\/damas.laiglesiadelacomunidad.com\/index.php?rest_route=\/wp\/v2\/posts"}],"about":[{"href":"http:\/\/damas.laiglesiadelacomunidad.com\/index.php?rest_route=\/wp\/v2\/types\/post"}],"author":[{"embeddable":true,"href":"http:\/\/damas.laiglesiadelacomunidad.com\/index.php?rest_route=\/wp\/v2\/users\/2"}],"replies":[{"embeddable":true,"href":"http:\/\/damas.laiglesiadelacomunidad.com\/index.php?rest_route=%2Fwp%2Fv2%2Fcomments&post=6173"}],"version-history":[{"count":2,"href":"http:\/\/damas.laiglesiadelacomunidad.com\/index.php?rest_route=\/wp\/v2\/posts\/6173\/revisions"}],"predecessor-version":[{"id":6189,"href":"http:\/\/damas.laiglesiadelacomunidad.com\/index.php?rest_route=\/wp\/v2\/posts\/6173\/revisions\/6189"}],"wp:attachment":[{"href":"http:\/\/damas.laiglesiadelacomunidad.com\/index.php?rest_route=%2Fwp%2Fv2%2Fmedia&parent=6173"}],"wp:term":[{"taxonomy":"category","embeddable":true,"href":"http:\/\/damas.laiglesiadelacomunidad.com\/index.php?rest_route=%2Fwp%2Fv2%2Fcategories&post=6173"},{"taxonomy":"post_tag","embeddable":true,"href":"http:\/\/damas.laiglesiadelacomunidad.com\/index.php?rest_route=%2Fwp%2Fv2%2Ftags&post=6173"}],"curies":[{"name":"wp","href":"https:\/\/api.w.org\/{rel}","templated":true}]}}