{"id":6170,"date":"2015-01-18T07:20:27","date_gmt":"2015-01-18T13:20:27","guid":{"rendered":"http:\/\/damas.laiglesiadelacomunidad.com\/?p=6170"},"modified":"2015-01-17T19:21:45","modified_gmt":"2015-01-18T01:21:45","slug":"versiculos-para-meditar-86","status":"publish","type":"post","link":"http:\/\/damas.laiglesiadelacomunidad.com\/?p=6170","title":{"rendered":"Vers\u00edculos para Meditar"},"content":{"rendered":"<p>Los soldados del gobernador llevaron a Jes\u00fas al pretorio, y alrededor de \u00e9l reunieron a toda la compa\u00f1\u00eda; luego lo desnudaron, le echaron encima un manto escarlata; sobre la cabeza le pusieron una corona tejida de espinas, y en la mano derecha le pusieron una ca\u00f1a; entonces se arrodillaron delante de \u00e9l, y burlonamente le dec\u00edan: \u00ab\u00a1Salve, Rey de los jud\u00edos!\u00bb Adem\u00e1s, le escup\u00edan y con una ca\u00f1a le golpeaban la cabeza. Despu\u00e9s de burlarse de \u00e9l, le quitaron el manto, le pusieron sus vestidos, y lo llevaron para crucificarlo. (\u202dSan Mateo\u202c \u202d27\u202c:\u202d27-31\u202c RVC)<\/p>\n","protected":false},"excerpt":{"rendered":"<p>Los soldados del gobernador llevaron a Jes\u00fas al pretorio, y alrededor de \u00e9l reunieron a toda la compa\u00f1\u00eda; luego lo desnudaron, le echaron encima un manto escarlata; sobre la cabeza le pusieron una corona tejida de espinas, y en la mano derecha le pusieron una ca\u00f1a; entonces se arrodillaron delante de \u00e9l, y burlonamente le &hellip; <a href=\"http:\/\/damas.laiglesiadelacomunidad.com\/?p=6170\" class=\"more-link\">Continue reading <span class=\"screen-reader-text\">Vers\u00edculos para Meditar<\/span> <span class=\"meta-nav\">&rarr;<\/span><\/a><\/p>\n","protected":false},"author":2,"featured_media":0,"comment_status":"open","ping_status":"open","sticky":false,"template":"","format":"chat","meta":{"footnotes":""},"categories":[5],"tags":[],"_links":{"self":[{"href":"http:\/\/damas.laiglesiadelacomunidad.com\/index.php?rest_route=\/wp\/v2\/posts\/6170"}],"collection":[{"href":"http:\/\/damas.laiglesiadelacomunidad.com\/index.php?rest_route=\/wp\/v2\/posts"}],"about":[{"href":"http:\/\/damas.laiglesiadelacomunidad.com\/index.php?rest_route=\/wp\/v2\/types\/post"}],"author":[{"embeddable":true,"href":"http:\/\/damas.laiglesiadelacomunidad.com\/index.php?rest_route=\/wp\/v2\/users\/2"}],"replies":[{"embeddable":true,"href":"http:\/\/damas.laiglesiadelacomunidad.com\/index.php?rest_route=%2Fwp%2Fv2%2Fcomments&post=6170"}],"version-history":[{"count":1,"href":"http:\/\/damas.laiglesiadelacomunidad.com\/index.php?rest_route=\/wp\/v2\/posts\/6170\/revisions"}],"predecessor-version":[{"id":6171,"href":"http:\/\/damas.laiglesiadelacomunidad.com\/index.php?rest_route=\/wp\/v2\/posts\/6170\/revisions\/6171"}],"wp:attachment":[{"href":"http:\/\/damas.laiglesiadelacomunidad.com\/index.php?rest_route=%2Fwp%2Fv2%2Fmedia&parent=6170"}],"wp:term":[{"taxonomy":"category","embeddable":true,"href":"http:\/\/damas.laiglesiadelacomunidad.com\/index.php?rest_route=%2Fwp%2Fv2%2Fcategories&post=6170"},{"taxonomy":"post_tag","embeddable":true,"href":"http:\/\/damas.laiglesiadelacomunidad.com\/index.php?rest_route=%2Fwp%2Fv2%2Ftags&post=6170"}],"curies":[{"name":"wp","href":"https:\/\/api.w.org\/{rel}","templated":true}]}}