{"id":6102,"date":"2015-01-14T22:52:03","date_gmt":"2015-01-15T04:52:03","guid":{"rendered":"http:\/\/damas.laiglesiadelacomunidad.com\/?p=6102"},"modified":"2015-01-14T22:52:50","modified_gmt":"2015-01-15T04:52:50","slug":"estudio-14-de-enero-2015","status":"publish","type":"post","link":"http:\/\/damas.laiglesiadelacomunidad.com\/?p=6102","title":{"rendered":"Estudio 14 de Enero 2015"},"content":{"rendered":"<p>Gracias a todas por haber venido y abierto sus corazones, que privilegio es para mi ser parte de este grupo, gracias por todos sus testimonios, sus consejos, sus ense\u00f1anzas y por ense\u00f1arme que no estoy sola.<\/p>\n<p>hoy vimos dos problemas que enfrentamos como cristianas;<\/p>\n<p>Problema n\u00famero uno; hablar de la misi\u00f3n choca con nuestro egoismo, porque tenemos mucho af\u00e1n a ganar dinero, a pasar nuestro tiempo como mejor nos plazca, por buscar exito, algunas veces fama, jugar un deporte etc. y buscamos iglesias comodas donde no existen tanto, y no hacemos nada por proclamar el evangelio, pero c\u00f3mo testificamos hoy, existe una lucha entre la misi\u00f3n de Cristo y nuestra misi\u00f3n personal.<\/p>\n<p>El problema n\u00famero dos es que a veces queremos proclamar a Jes\u00fas solamente con nuestro ejemplo, porque nos da miedo el rechazo, el que diran, o porque no sabemos que decir y lo peor del todo es que a veces no damos un buen ejemplo. Pero tenemos que saber que nuestro ejemplo es sumamente importane en nuestra proclamaci\u00f3n de Jes\u00fas. Y esto nos trae a la idea grande de hoy <strong>el seguidor de Jes\u00fas proclama el Evangelio.\u00a0<\/strong><\/p>\n<p>Tenemos que ense\u00f1ar el evangelio con palabras y con nuestro testimonio y dos tenemos que ense\u00f1ar a la persona que hacer una vez que a escuchado el evangelio o sea tenemos que ense\u00f1arle a tomar su decisi\u00f3n, a veces es f\u00e1cil a veces es d\u00edficil, pero recordemos que todo est\u00e1 en la manos de Dios.<\/p>\n<p><em><strong><span id=\"es-RVC-27011\" class=\"text Acts-3-13\">El Dios de Abrah\u00e1n, de Isaac y de Jacob, que es el Dios de nuestros antepasados, ha glorificado a su Hijo Jes\u00fas, a quien ustedes entregaron y negaron delante de Pilato, cuando \u00e9ste ya hab\u00eda resuelto ponerlo en libertad.<\/span><span id=\"es-RVC-27012\" class=\"text Acts-3-14\">Pero ustedes negaron al Santo y Justo, y pidieron que se les entregara un homicida.<\/span> <span id=\"es-RVC-27013\" class=\"text Acts-3-15\">Fue as\u00ed como mataron al Autor de la vida, a quien Dios resucit\u00f3 de los muertos. De eso nosotros somos testigos,<\/span> <span id=\"es-RVC-27014\" class=\"text Acts-3-16\">y por la fe en su nombre, a este hombre que ustedes ven y conocen, Dios lo ha restablecido; por la fe en Jes\u00fas, Dios lo ha sanado completamente en presencia de ustedes.<\/span><\/strong><\/em><\/p>\n<p><em><strong><span id=\"es-RVC-27015\" class=\"text Acts-3-17\">\u00bbHermanos, yo s\u00e9 que tanto ustedes como sus gobernantes lo negaron por ignorancia,<\/span> <span id=\"es-RVC-27016\" class=\"text Acts-3-18\">pero Dios cumpli\u00f3 de esta manera lo que ya hab\u00eda anunciado por medio de todos sus profetas, es decir, que su Cristo ten\u00eda que padecer.<\/span><span id=\"es-RVC-27017\" class=\"text Acts-3-19\">Por lo tanto, arrepi\u00e9ntanse y vu\u00e9lvanse a Dios, para que sus pecados les sean perdonados.\u00a0<\/span><\/strong><span id=\"es-RVC-27017\" class=\"text Acts-3-19\">Hechos 3:13-19<\/span><\/em><\/p>\n<p><strong><span id=\"es-RVC-27212\" class=\"text Acts-8-34\"><sup class=\"versenum\">\u00a0<\/sup>El eunuco le pregunt\u00f3 a Felipe: \u00abTe ruego que me digas: \u00bfDe qui\u00e9n habla el profeta? \u00bfHabla de s\u00ed mismo, o de alg\u00fan otro?\u00bb<\/span> <span id=\"es-RVC-27213\" class=\"text Acts-8-35\">Entonces Felipe le empez\u00f3 a explicar a partir de la escritura que le\u00eda, y le habl\u00f3 tambi\u00e9n de las buenas noticias de Jes\u00fas.<\/span> <span id=\"es-RVC-27214\" class=\"text Acts-8-36\">En el camino encontraron agua, y el eunuco dijo: \u00abAqu\u00ed hay agua; \u00bfhay algo que me impida ser bautizado?\u00bb\u00a0<\/span><span id=\"es-RVC-27215\" class=\"text Acts-8-37\">Felipe le dijo: \u00abSi crees de todo coraz\u00f3n, puedes ser bautizado.\u00bb Y el eunuco respondi\u00f3: \u00abCreo que Jesucristo es el Hijo de Dios.\u00bb<\/span><span id=\"es-RVC-27216\" class=\"text Acts-8-38\">Y el eunuco mand\u00f3 detener el carro, y ambos descendieron al agua y Felipe lo bautiz\u00f3.<\/span><\/strong><span id=\"es-RVC-27216\" class=\"text Acts-8-38\"> Hechos 8:34-38<\/span><\/p>\n<p>Se\u00f1or te pedimos que nos des el valor de hablar y de comportarnos de una manera que el evangelio sea predicado y que los que lo escuchen crean, te pido que nos revistas de sabidur\u00eda para saber comportarnos en situaciones d\u00edficiles y que nos llenes de Tu esp\u00edritu cuando el mal nos aseche para que no caigamos en la tentaci\u00f3n, te lo pedimos en nombre de Jesucristo nuestro Se\u00f1or, am\u00e9n.<\/p>\n<p>Que pasen un buen resto de semana y no se olviden de orar las unas por las otras.<\/p>\n<p>Dios las bendiga y no se olviden del d\u00eda de oraci\u00f3n y ayuno de Damas el S\u00e1bado, las espero aqu\u00ed a las 3:30pm.<\/p>\n<p>Las quiero mucho;<\/p>\n<p>Jackie C.<\/p>\n<p><a href=\"http:\/\/damas.laiglesiadelacomunidad.com\/?attachment_id=6106\" rel=\"attachment wp-att-6106\"><img loading=\"lazy\" decoding=\"async\" class=\"alignnone size-full wp-image-6106\" src=\"http:\/\/damas.laiglesiadelacomunidad.com\/wp-content\/uploads\/2015\/01\/2015-01-14-21.07.31.jpg\" alt=\"2015-01-14 21.07.31\" width=\"720\" height=\"1280\" srcset=\"http:\/\/damas.laiglesiadelacomunidad.com\/wp-content\/uploads\/2015\/01\/2015-01-14-21.07.31.jpg 720w, http:\/\/damas.laiglesiadelacomunidad.com\/wp-content\/uploads\/2015\/01\/2015-01-14-21.07.31-169x300.jpg 169w, http:\/\/damas.laiglesiadelacomunidad.com\/wp-content\/uploads\/2015\/01\/2015-01-14-21.07.31-576x1024.jpg 576w\" sizes=\"(max-width: 720px) 100vw, 720px\" \/><\/a> <a href=\"http:\/\/damas.laiglesiadelacomunidad.com\/?attachment_id=6107\" rel=\"attachment wp-att-6107\"><img loading=\"lazy\" decoding=\"async\" class=\"alignnone size-full wp-image-6107\" src=\"http:\/\/damas.laiglesiadelacomunidad.com\/wp-content\/uploads\/2015\/01\/2015-01-14-21.07.39.jpg\" alt=\"2015-01-14 21.07.39\" width=\"1280\" height=\"720\" srcset=\"http:\/\/damas.laiglesiadelacomunidad.com\/wp-content\/uploads\/2015\/01\/2015-01-14-21.07.39.jpg 1280w, http:\/\/damas.laiglesiadelacomunidad.com\/wp-content\/uploads\/2015\/01\/2015-01-14-21.07.39-300x169.jpg 300w, http:\/\/damas.laiglesiadelacomunidad.com\/wp-content\/uploads\/2015\/01\/2015-01-14-21.07.39-1024x576.jpg 1024w\" sizes=\"(max-width: 1280px) 100vw, 1280px\" \/><\/a> <a href=\"http:\/\/damas.laiglesiadelacomunidad.com\/?attachment_id=6108\" rel=\"attachment wp-att-6108\"><img loading=\"lazy\" decoding=\"async\" class=\"alignnone size-full wp-image-6108\" src=\"http:\/\/damas.laiglesiadelacomunidad.com\/wp-content\/uploads\/2015\/01\/2015-01-14-21.07.44.jpg\" alt=\"2015-01-14 21.07.44\" width=\"1280\" height=\"720\" srcset=\"http:\/\/damas.laiglesiadelacomunidad.com\/wp-content\/uploads\/2015\/01\/2015-01-14-21.07.44.jpg 1280w, http:\/\/damas.laiglesiadelacomunidad.com\/wp-content\/uploads\/2015\/01\/2015-01-14-21.07.44-300x169.jpg 300w, http:\/\/damas.laiglesiadelacomunidad.com\/wp-content\/uploads\/2015\/01\/2015-01-14-21.07.44-1024x576.jpg 1024w\" sizes=\"(max-width: 1280px) 100vw, 1280px\" \/><\/a> <a href=\"http:\/\/damas.laiglesiadelacomunidad.com\/?attachment_id=6109\" rel=\"attachment wp-att-6109\"><img loading=\"lazy\" decoding=\"async\" class=\"alignnone size-full wp-image-6109\" src=\"http:\/\/damas.laiglesiadelacomunidad.com\/wp-content\/uploads\/2015\/01\/2015-01-14-21.07.48.jpg\" alt=\"2015-01-14 21.07.48\" width=\"1280\" height=\"720\" srcset=\"http:\/\/damas.laiglesiadelacomunidad.com\/wp-content\/uploads\/2015\/01\/2015-01-14-21.07.48.jpg 1280w, http:\/\/damas.laiglesiadelacomunidad.com\/wp-content\/uploads\/2015\/01\/2015-01-14-21.07.48-300x169.jpg 300w, http:\/\/damas.laiglesiadelacomunidad.com\/wp-content\/uploads\/2015\/01\/2015-01-14-21.07.48-1024x576.jpg 1024w\" sizes=\"(max-width: 1280px) 100vw, 1280px\" \/><\/a> <a href=\"http:\/\/damas.laiglesiadelacomunidad.com\/?attachment_id=6110\" rel=\"attachment wp-att-6110\"><img loading=\"lazy\" decoding=\"async\" class=\"alignnone size-full wp-image-6110\" src=\"http:\/\/damas.laiglesiadelacomunidad.com\/wp-content\/uploads\/2015\/01\/2015-01-14-21.07.52.jpg\" alt=\"2015-01-14 21.07.52\" width=\"1280\" height=\"720\" srcset=\"http:\/\/damas.laiglesiadelacomunidad.com\/wp-content\/uploads\/2015\/01\/2015-01-14-21.07.52.jpg 1280w, http:\/\/damas.laiglesiadelacomunidad.com\/wp-content\/uploads\/2015\/01\/2015-01-14-21.07.52-300x169.jpg 300w, http:\/\/damas.laiglesiadelacomunidad.com\/wp-content\/uploads\/2015\/01\/2015-01-14-21.07.52-1024x576.jpg 1024w\" sizes=\"(max-width: 1280px) 100vw, 1280px\" \/><\/a> <a href=\"http:\/\/damas.laiglesiadelacomunidad.com\/?attachment_id=6111\" rel=\"attachment wp-att-6111\"><img loading=\"lazy\" decoding=\"async\" class=\"alignnone size-full wp-image-6111\" src=\"http:\/\/damas.laiglesiadelacomunidad.com\/wp-content\/uploads\/2015\/01\/2015-01-14-21.07.55.jpg\" alt=\"2015-01-14 21.07.55\" width=\"1280\" height=\"720\" srcset=\"http:\/\/damas.laiglesiadelacomunidad.com\/wp-content\/uploads\/2015\/01\/2015-01-14-21.07.55.jpg 1280w, http:\/\/damas.laiglesiadelacomunidad.com\/wp-content\/uploads\/2015\/01\/2015-01-14-21.07.55-300x169.jpg 300w, http:\/\/damas.laiglesiadelacomunidad.com\/wp-content\/uploads\/2015\/01\/2015-01-14-21.07.55-1024x576.jpg 1024w\" sizes=\"(max-width: 1280px) 100vw, 1280px\" \/><\/a> <a href=\"http:\/\/damas.laiglesiadelacomunidad.com\/?attachment_id=6112\" rel=\"attachment wp-att-6112\"><img loading=\"lazy\" decoding=\"async\" class=\"alignnone size-full wp-image-6112\" src=\"http:\/\/damas.laiglesiadelacomunidad.com\/wp-content\/uploads\/2015\/01\/2015-01-14-21.07.59.jpg\" alt=\"2015-01-14 21.07.59\" width=\"1280\" height=\"720\" srcset=\"http:\/\/damas.laiglesiadelacomunidad.com\/wp-content\/uploads\/2015\/01\/2015-01-14-21.07.59.jpg 1280w, http:\/\/damas.laiglesiadelacomunidad.com\/wp-content\/uploads\/2015\/01\/2015-01-14-21.07.59-300x169.jpg 300w, http:\/\/damas.laiglesiadelacomunidad.com\/wp-content\/uploads\/2015\/01\/2015-01-14-21.07.59-1024x576.jpg 1024w\" sizes=\"(max-width: 1280px) 100vw, 1280px\" \/><\/a> <a href=\"http:\/\/damas.laiglesiadelacomunidad.com\/?attachment_id=6113\" rel=\"attachment wp-att-6113\"><img loading=\"lazy\" decoding=\"async\" class=\"alignnone size-full wp-image-6113\" src=\"http:\/\/damas.laiglesiadelacomunidad.com\/wp-content\/uploads\/2015\/01\/2015-01-14-21.08.02.jpg\" alt=\"2015-01-14 21.08.02\" width=\"1280\" height=\"720\" srcset=\"http:\/\/damas.laiglesiadelacomunidad.com\/wp-content\/uploads\/2015\/01\/2015-01-14-21.08.02.jpg 1280w, http:\/\/damas.laiglesiadelacomunidad.com\/wp-content\/uploads\/2015\/01\/2015-01-14-21.08.02-300x169.jpg 300w, http:\/\/damas.laiglesiadelacomunidad.com\/wp-content\/uploads\/2015\/01\/2015-01-14-21.08.02-1024x576.jpg 1024w\" sizes=\"(max-width: 1280px) 100vw, 1280px\" \/><\/a> <a href=\"http:\/\/damas.laiglesiadelacomunidad.com\/?attachment_id=6114\" rel=\"attachment wp-att-6114\"><img loading=\"lazy\" decoding=\"async\" class=\"alignnone size-full wp-image-6114\" src=\"http:\/\/damas.laiglesiadelacomunidad.com\/wp-content\/uploads\/2015\/01\/2015-01-14-21.08.06.jpg\" alt=\"2015-01-14 21.08.06\" width=\"1280\" height=\"720\" srcset=\"http:\/\/damas.laiglesiadelacomunidad.com\/wp-content\/uploads\/2015\/01\/2015-01-14-21.08.06.jpg 1280w, http:\/\/damas.laiglesiadelacomunidad.com\/wp-content\/uploads\/2015\/01\/2015-01-14-21.08.06-300x169.jpg 300w, http:\/\/damas.laiglesiadelacomunidad.com\/wp-content\/uploads\/2015\/01\/2015-01-14-21.08.06-1024x576.jpg 1024w\" sizes=\"(max-width: 1280px) 100vw, 1280px\" \/><\/a> <a href=\"http:\/\/damas.laiglesiadelacomunidad.com\/?attachment_id=6115\" rel=\"attachment wp-att-6115\"><img loading=\"lazy\" decoding=\"async\" class=\"alignnone size-full wp-image-6115\" src=\"http:\/\/damas.laiglesiadelacomunidad.com\/wp-content\/uploads\/2015\/01\/2015-01-14-21.08.10.jpg\" alt=\"2015-01-14 21.08.10\" width=\"1280\" height=\"720\" srcset=\"http:\/\/damas.laiglesiadelacomunidad.com\/wp-content\/uploads\/2015\/01\/2015-01-14-21.08.10.jpg 1280w, http:\/\/damas.laiglesiadelacomunidad.com\/wp-content\/uploads\/2015\/01\/2015-01-14-21.08.10-300x169.jpg 300w, http:\/\/damas.laiglesiadelacomunidad.com\/wp-content\/uploads\/2015\/01\/2015-01-14-21.08.10-1024x576.jpg 1024w\" sizes=\"(max-width: 1280px) 100vw, 1280px\" \/><\/a> <a href=\"http:\/\/damas.laiglesiadelacomunidad.com\/?attachment_id=6116\" rel=\"attachment wp-att-6116\"><img loading=\"lazy\" decoding=\"async\" class=\"alignnone size-full wp-image-6116\" src=\"http:\/\/damas.laiglesiadelacomunidad.com\/wp-content\/uploads\/2015\/01\/2015-01-14-22.49.40.jpg\" alt=\"2015-01-14 22.49.40\" width=\"960\" height=\"1280\" srcset=\"http:\/\/damas.laiglesiadelacomunidad.com\/wp-content\/uploads\/2015\/01\/2015-01-14-22.49.40.jpg 960w, http:\/\/damas.laiglesiadelacomunidad.com\/wp-content\/uploads\/2015\/01\/2015-01-14-22.49.40-225x300.jpg 225w, http:\/\/damas.laiglesiadelacomunidad.com\/wp-content\/uploads\/2015\/01\/2015-01-14-22.49.40-768x1024.jpg 768w\" sizes=\"(max-width: 960px) 100vw, 960px\" \/><\/a> <a href=\"http:\/\/damas.laiglesiadelacomunidad.com\/?attachment_id=6117\" rel=\"attachment wp-att-6117\"><img loading=\"lazy\" decoding=\"async\" class=\"alignnone size-full wp-image-6117\" src=\"http:\/\/damas.laiglesiadelacomunidad.com\/wp-content\/uploads\/2015\/01\/2015-01-14-22.49.44.jpg\" alt=\"2015-01-14 22.49.44\" width=\"1280\" height=\"960\" srcset=\"http:\/\/damas.laiglesiadelacomunidad.com\/wp-content\/uploads\/2015\/01\/2015-01-14-22.49.44.jpg 1280w, http:\/\/damas.laiglesiadelacomunidad.com\/wp-content\/uploads\/2015\/01\/2015-01-14-22.49.44-300x225.jpg 300w, http:\/\/damas.laiglesiadelacomunidad.com\/wp-content\/uploads\/2015\/01\/2015-01-14-22.49.44-1024x768.jpg 1024w\" sizes=\"(max-width: 1280px) 100vw, 1280px\" \/><\/a> <a href=\"http:\/\/damas.laiglesiadelacomunidad.com\/?attachment_id=6118\" rel=\"attachment wp-att-6118\"><img loading=\"lazy\" decoding=\"async\" class=\"alignnone size-full wp-image-6118\" src=\"http:\/\/damas.laiglesiadelacomunidad.com\/wp-content\/uploads\/2015\/01\/2015-01-14-22.49.48.jpg\" alt=\"2015-01-14 22.49.48\" width=\"960\" height=\"1280\" srcset=\"http:\/\/damas.laiglesiadelacomunidad.com\/wp-content\/uploads\/2015\/01\/2015-01-14-22.49.48.jpg 960w, http:\/\/damas.laiglesiadelacomunidad.com\/wp-content\/uploads\/2015\/01\/2015-01-14-22.49.48-225x300.jpg 225w, http:\/\/damas.laiglesiadelacomunidad.com\/wp-content\/uploads\/2015\/01\/2015-01-14-22.49.48-768x1024.jpg 768w\" sizes=\"(max-width: 960px) 100vw, 960px\" \/><\/a><\/p>\n","protected":false},"excerpt":{"rendered":"<p>Gracias a todas por haber venido y abierto sus corazones, que privilegio es para mi ser parte de este grupo, gracias por todos sus testimonios, sus consejos, sus ense\u00f1anzas y por ense\u00f1arme que no estoy sola. hoy vimos dos problemas que enfrentamos como cristianas; Problema n\u00famero uno; hablar de la misi\u00f3n choca con nuestro egoismo, &hellip; <a href=\"http:\/\/damas.laiglesiadelacomunidad.com\/?p=6102\" class=\"more-link\">Continue reading <span class=\"screen-reader-text\">Estudio 14 de Enero 2015<\/span> <span class=\"meta-nav\">&rarr;<\/span><\/a><\/p>\n","protected":false},"author":2,"featured_media":0,"comment_status":"open","ping_status":"open","sticky":false,"template":"","format":"link","meta":{"footnotes":""},"categories":[6],"tags":[],"_links":{"self":[{"href":"http:\/\/damas.laiglesiadelacomunidad.com\/index.php?rest_route=\/wp\/v2\/posts\/6102"}],"collection":[{"href":"http:\/\/damas.laiglesiadelacomunidad.com\/index.php?rest_route=\/wp\/v2\/posts"}],"about":[{"href":"http:\/\/damas.laiglesiadelacomunidad.com\/index.php?rest_route=\/wp\/v2\/types\/post"}],"author":[{"embeddable":true,"href":"http:\/\/damas.laiglesiadelacomunidad.com\/index.php?rest_route=\/wp\/v2\/users\/2"}],"replies":[{"embeddable":true,"href":"http:\/\/damas.laiglesiadelacomunidad.com\/index.php?rest_route=%2Fwp%2Fv2%2Fcomments&post=6102"}],"version-history":[{"count":1,"href":"http:\/\/damas.laiglesiadelacomunidad.com\/index.php?rest_route=\/wp\/v2\/posts\/6102\/revisions"}],"predecessor-version":[{"id":6119,"href":"http:\/\/damas.laiglesiadelacomunidad.com\/index.php?rest_route=\/wp\/v2\/posts\/6102\/revisions\/6119"}],"wp:attachment":[{"href":"http:\/\/damas.laiglesiadelacomunidad.com\/index.php?rest_route=%2Fwp%2Fv2%2Fmedia&parent=6102"}],"wp:term":[{"taxonomy":"category","embeddable":true,"href":"http:\/\/damas.laiglesiadelacomunidad.com\/index.php?rest_route=%2Fwp%2Fv2%2Fcategories&post=6102"},{"taxonomy":"post_tag","embeddable":true,"href":"http:\/\/damas.laiglesiadelacomunidad.com\/index.php?rest_route=%2Fwp%2Fv2%2Ftags&post=6102"}],"curies":[{"name":"wp","href":"https:\/\/api.w.org\/{rel}","templated":true}]}}