{"id":6085,"date":"2015-01-13T07:00:22","date_gmt":"2015-01-13T13:00:22","guid":{"rendered":"http:\/\/damas.laiglesiadelacomunidad.com\/?p=6085"},"modified":"2015-01-13T15:36:07","modified_gmt":"2015-01-13T21:36:07","slug":"versiculos-para-meditar-81","status":"publish","type":"post","link":"http:\/\/damas.laiglesiadelacomunidad.com\/?p=6085","title":{"rendered":"Vers\u00edculos para Meditar"},"content":{"rendered":"<p>Te encargo delante de Dios y del Se\u00f1or Jesucristo, quien juzgar\u00e1 a los vivos y a los muertos en su manifestaci\u00f3n y en su reino, que prediques la palabra; que instes a tiempo y fuera de tiempo; redarguye, reprende, exhorta con toda paciencia y doctrina. Porque vendr\u00e1 un tiempo en que no soportar\u00e1n la sana doctrina, sino que aun teniendo comez\u00f3n de o\u00edr se amontonar\u00e1n maestros conforme a sus propios malos deseos, y apartar\u00e1n de la verdad sus o\u00eddos y se volver\u00e1n a las f\u00e1bulas. Pero t\u00fa s\u00e9 sobrio en todo, soporta las aflicciones, haz obra de evangelista, cumple tu ministerio. (\u202d2 Timoteo\u202c \u202d4\u202c:\u202d1-5\u202c RVC)<\/p>\n","protected":false},"excerpt":{"rendered":"<p>Te encargo delante de Dios y del Se\u00f1or Jesucristo, quien juzgar\u00e1 a los vivos y a los muertos en su manifestaci\u00f3n y en su reino, que prediques la palabra; que instes a tiempo y fuera de tiempo; redarguye, reprende, exhorta con toda paciencia y doctrina. Porque vendr\u00e1 un tiempo en que no soportar\u00e1n la sana &hellip; <a href=\"http:\/\/damas.laiglesiadelacomunidad.com\/?p=6085\" class=\"more-link\">Continue reading <span class=\"screen-reader-text\">Vers\u00edculos para Meditar<\/span> <span class=\"meta-nav\">&rarr;<\/span><\/a><\/p>\n","protected":false},"author":2,"featured_media":0,"comment_status":"open","ping_status":"open","sticky":false,"template":"","format":"chat","meta":{"footnotes":""},"categories":[5],"tags":[],"_links":{"self":[{"href":"http:\/\/damas.laiglesiadelacomunidad.com\/index.php?rest_route=\/wp\/v2\/posts\/6085"}],"collection":[{"href":"http:\/\/damas.laiglesiadelacomunidad.com\/index.php?rest_route=\/wp\/v2\/posts"}],"about":[{"href":"http:\/\/damas.laiglesiadelacomunidad.com\/index.php?rest_route=\/wp\/v2\/types\/post"}],"author":[{"embeddable":true,"href":"http:\/\/damas.laiglesiadelacomunidad.com\/index.php?rest_route=\/wp\/v2\/users\/2"}],"replies":[{"embeddable":true,"href":"http:\/\/damas.laiglesiadelacomunidad.com\/index.php?rest_route=%2Fwp%2Fv2%2Fcomments&post=6085"}],"version-history":[{"count":1,"href":"http:\/\/damas.laiglesiadelacomunidad.com\/index.php?rest_route=\/wp\/v2\/posts\/6085\/revisions"}],"predecessor-version":[{"id":6086,"href":"http:\/\/damas.laiglesiadelacomunidad.com\/index.php?rest_route=\/wp\/v2\/posts\/6085\/revisions\/6086"}],"wp:attachment":[{"href":"http:\/\/damas.laiglesiadelacomunidad.com\/index.php?rest_route=%2Fwp%2Fv2%2Fmedia&parent=6085"}],"wp:term":[{"taxonomy":"category","embeddable":true,"href":"http:\/\/damas.laiglesiadelacomunidad.com\/index.php?rest_route=%2Fwp%2Fv2%2Fcategories&post=6085"},{"taxonomy":"post_tag","embeddable":true,"href":"http:\/\/damas.laiglesiadelacomunidad.com\/index.php?rest_route=%2Fwp%2Fv2%2Ftags&post=6085"}],"curies":[{"name":"wp","href":"https:\/\/api.w.org\/{rel}","templated":true}]}}